{"id":151,"date":"2026-07-10T11:13:51","date_gmt":"2026-07-10T11:13:51","guid":{"rendered":"https:\/\/globalfood.cm\/?p=151"},"modified":"2026-07-10T11:13:53","modified_gmt":"2026-07-10T11:13:53","slug":"portrait-elle-crea-denky-lisette-claudia-tame-njambe-lindustrielle-qui-revient-batir-chez-elle","status":"publish","type":"post","link":"https:\/\/globalfood.cm\/?p=151","title":{"rendered":"PORTRAIT: Elle cr\u00e9a DENKY&#8230; Lisette Claudia TAME NJAMBE, l&rsquo;industrielle qui revient b\u00e2tir chez elle"},"content":{"rendered":"\n<p class=\"wp-block-paragraph\"><\/p>\n\n\n\n<p class=\"wp-block-paragraph\"><\/p>\n\n\n\n<p class=\"wp-block-paragraph\"><em><strong>Le 26 juin 2026, une nouvelle usine s&rsquo;est allum\u00e9e dans les hauts plateaux de l&rsquo;Ouest du Cameroun. Ce n&rsquo;\u00e9tait pas un coup d&rsquo;\u00e9clat isol\u00e9, mais une \u00e9tape suppl\u00e9mentaire dans un programme que Lisette Claudia TAM\u00c9 NJAMBE avait d\u00e9j\u00e0 engag\u00e9, r\u00e9gion apr\u00e8s r\u00e9gion.<\/strong><\/em><\/p>\n\n\n\n<p class=\"wp-block-paragraph\"><strong>Un nom qui vient de loin<\/strong><\/p>\n\n\n\n<p class=\"wp-block-paragraph\">DENKY tire son nom de deux lieux qui portent l&rsquo;histoire familiale de sa fondatrice. BANDENKOP, le village d&rsquo;origine de Lisette Claudia TAME NJAMBE, et DENKEN, le quartier o\u00f9 vivaient ses parents au sein de ce m\u00eame village. Deux syllabes faciles \u00e0 prononcer et imm\u00e9diatement m\u00e9morables, derri\u00e8re lesquelles se cache une histoire familiale assum\u00e9e comme un v\u00e9ritable ancrage plut\u00f4t que comme un simple d\u00e9tail biographique.<\/p>\n\n\n\n<p class=\"wp-block-paragraph\">Ce choix de nom ne rel\u00e8ve pas d&rsquo;un simple r\u00e9flexe marketing. Il traduit une conviction que Lisette Claudia TAM\u00c9 NJAMBE porte depuis le d\u00e9but de son parcours d&rsquo;industrielle, celle qu&rsquo;une marque gagne en force lorsqu&rsquo;elle reste enracin\u00e9e dans une histoire et dans un territoire pr\u00e9cis, plut\u00f4t que de se contenter d&rsquo;un nom choisi pour sa seule sonorit\u00e9 commerciale.<\/p>\n\n\n\n<p class=\"wp-block-paragraph\"><strong>Une \u00e9tape, pas une exception<\/strong><\/p>\n\n\n\n<p class=\"wp-block-paragraph\">L&rsquo;inauguration officielle de DENKY a eu lieu le 26 juin 2026, \u00e0 Dengou Bandenkop, par Bangou, dans la r\u00e9gion de l&rsquo;Ouest, sous la pr\u00e9sidence du Ministre du Commerce et du Ministre de l&rsquo;Agriculture et du D\u00e9veloppement Rural. Cette c\u00e9r\u00e9monie n&rsquo;a pas marqu\u00e9 un commencement isol\u00e9 pour sa fondatrice.<\/p>\n\n\n\n<p class=\"wp-block-paragraph\">En janvier 2025, Lisette Claudia TAME NJAMBE inaugurait \u00e0 Mbankomo, dans la r\u00e9gion du Centre, une premi\u00e8re usine de transformation du cacao. Dix mois plus tard, en novembre de la m\u00eame ann\u00e9e, une seconde unit\u00e9 entrait en activit\u00e9 \u00e0 Ngolamb\u00e9l\u00e9, dans la r\u00e9gion de l&rsquo;Est. Ces deux usines emploient aujourd&rsquo;hui plusieurs centaines de personnes et transforment localement des volumes croissants de cacao camerounais.<\/p>\n\n\n\n<p class=\"wp-block-paragraph\">Avec DENKY, c&rsquo;est d\u00e9sormais une troisi\u00e8me r\u00e9gion qui s&rsquo;inscrit dans ce programme industriel, alors que d&rsquo;autres projets sont d\u00e9j\u00e0 en construction dans plusieurs autres r\u00e9gions du pays. Pour elle, il ne s&rsquo;agit jamais de faire entrer les villes ou les r\u00e9gions camerounaises en comp\u00e9tition les unes contre les autres. Chaque nouvelle implantation s&rsquo;inscrit au contraire dans un m\u00eame mouvement, celui d&rsquo;une industrialisation qui progresse patiemment, r\u00e9gion apr\u00e8s r\u00e9gion, sans jamais opposer un territoire \u00e0 un autre.<\/p>\n\n\n\n<p class=\"wp-block-paragraph\"><strong>Une r\u00e9ponse concr\u00e8te \u00e0 l&rsquo;importation<\/strong><\/p>\n\n\n\n<p class=\"wp-block-paragraph\">DENKY r\u00e9pond \u00e0 une probl\u00e9matique que le Cameroun conna\u00eet depuis longtemps, celle de produits que le pays importe alors qu&rsquo;il pourrait les fabriquer localement. En transformant le ma\u00efs, les fruits, la pomme de terre, le plantain, le sucre et la viande de porc directement sur le territoire camerounais, la marque entend proposer des produits dont la qualit\u00e9 n&rsquo;a rien \u00e0 envier \u00e0 l&rsquo;offre \u00e9trang\u00e8re, tout en restant accessibles \u00e0 toutes les bourses.<\/p>\n\n\n\n<p class=\"wp-block-paragraph\">Cette ambition s&rsquo;inscrit \u00e9galement dans une dynamique plus large, celle du renforcement du savoir-faire camerounais au sein de la sous-r\u00e9gion et de la zone de libre-\u00e9change continentale africaine, \u00e0 laquelle le Cameroun entend prendre toute sa part.<\/p>\n\n\n\n<p class=\"wp-block-paragraph\"><strong>Industrialiser par les r\u00e9gions, une philosophie avant tout<\/strong><\/p>\n\n\n\n<p class=\"wp-block-paragraph\">Chez DENKY, la conviction qui guide chaque d\u00e9cision peut se r\u00e9sumer simplement, aucun pays ne s&rsquo;est v\u00e9ritablement d\u00e9velopp\u00e9 depuis sa seule capitale. C&rsquo;est pourquoi l&rsquo;unit\u00e9 industrielle a \u00e9t\u00e9 implant\u00e9e au c\u0153ur du terroir, \u00e0 Dengou Bandenkop, l\u00e0 o\u00f9 les infrastructures font encore parfois d\u00e9faut, mais l\u00e0 aussi o\u00f9 la mati\u00e8re premi\u00e8re est abondante et o\u00f9 les populations ont le plus besoin d&rsquo;opportunit\u00e9s nouvelles.<\/p>\n\n\n\n<p class=\"wp-block-paragraph\">Plut\u00f4t que d&rsquo;attendre les infrastructures, DENKY a choisi de les anticiper. L&rsquo;usine repose sur un mod\u00e8le \u00e9nerg\u00e9tique int\u00e9grant un champ solaire et un groupe \u00e9lectrog\u00e8ne, ce qui garantit une autonomie op\u00e9rationnelle compl\u00e8te d\u00e8s le premier jour. Cette pr\u00e9sence industrielle sur le terrain agit elle aussi comme un levier de d\u00e9veloppement, puisqu&rsquo;elle favorise \u00e0 terme l&rsquo;arriv\u00e9e de transformateurs \u00e9lectriques, de routes et de services publics dans une zone qui en manquait.<\/p>\n\n\n\n<p class=\"wp-block-paragraph\"><strong>Construire dans sa r\u00e9gion d&rsquo;origine<\/strong><\/p>\n\n\n\n<p class=\"wp-block-paragraph\">Le choix de Dengou Bandenkop n&rsquo;a donc pas \u00e9t\u00e9 fait contre une autre ville ou contre une autre r\u00e9gion. Il correspond simplement au tour que prend, cette fois, ce programme d\u00e9j\u00e0 engag\u00e9. Mais pour Lisette Claudia TAME NJAMBE, ce choix rev\u00eat aussi une dimension plus personnelle, puisqu&rsquo;il s&rsquo;agit pr\u00e9cis\u00e9ment de sa r\u00e9gion d&rsquo;origine, celle de ses parents avant elle, dans laquelle elle revient aujourd&rsquo;hui pour construire.<\/p>\n\n\n\n<p class=\"wp-block-paragraph\">Cette implantation s&rsquo;inscrit dans l&rsquo;ambition plus large que porte Lisette Claudia TAME NJAMBE pour l&rsquo;ensemble du territoire camerounais, celle de cr\u00e9er, \u00e0 terme, cinq mille emplois directs et indirects \u00e0 travers les diff\u00e9rents m\u00e9canismes et industries qu&rsquo;elle met progressivement en place. DENKY contribue \u00e0 cet objectif sans en \u00eatre la seule origine, et entend devenir, pour cette r\u00e9gion de l&rsquo;Ouest en particulier, un v\u00e9ritable levier contre l&rsquo;exode rural. Chaque emploi cr\u00e9\u00e9 localement retient potentiellement un jeune qui aurait pu quitter son village pour la ville, et chaque contrat pass\u00e9 avec un agriculteur local renforce un tissu \u00e9conomique que Lisette Claudia TAME NJAMBE consid\u00e8re comme la v\u00e9ritable richesse du pays.<\/p>\n\n\n\n<p class=\"wp-block-paragraph\"><strong>Un mouvement appel\u00e9 \u00e0 se poursuivre<\/strong><\/p>\n\n\n\n<p class=\"wp-block-paragraph\">Cette conviction, Lisette Claudia TAME NJAMBE ne la limite \u00e0 aucun territoire en particulier. Elle la porte, usine apr\u00e8s usine, dans chaque r\u00e9gion o\u00f9 elle pose les fondations d&rsquo;un nouveau chapitre industriel camerounais, avec l&rsquo;intention d\u00e9clar\u00e9e de poursuivre ce mouvement dans d&rsquo;autres r\u00e9gions du pays au cours des prochaines ann\u00e9es.<\/p>\n\n\n\n<p class=\"wp-block-paragraph\"><em>\u00ab Le Cameroun regorge de richesses. Nos sols produisent, nos agriculteurs travaillent, nos march\u00e9s fourmillent. Et pourtant, nous importons encore ce que nous pourrions fabriquer nous-m\u00eames. J&rsquo;ai d\u00e9cid\u00e9 que cela devait changer, non pas dans les discours, mais dans les usines. \u00bb<\/em><\/p>\n\n\n\n<p class=\"wp-block-paragraph\"><em>\u00ab DENKY est une conviction. Une usine. Un commencement. \u00bb Lisette Claudia TAM\u00c9 NJAMBE, Fondatrice, Meta Invest SA<\/em><\/p>\n\n\n\n<p class=\"wp-block-paragraph\"><strong>DENKY \u00b7 Meta Invest SA \u00b7 Dengou Bandenkop, Bangou, R\u00e9gion de l&rsquo;Ouest \u00b7 Inaugur\u00e9e le 26 juin 2026<\/strong><\/p>\n","protected":false},"excerpt":{"rendered":"<p>Le 26 juin 2026, une nouvelle usine s&rsquo;est allum\u00e9e dans les hauts plateaux de l&rsquo;Ouest du Cameroun. Ce<\/p>\n","protected":false},"author":2,"featured_media":152,"comment_status":"open","ping_status":"open","sticky":false,"template":"","format":"standard","meta":{"_jetpack_memberships_contains_paid_content":false,"footnotes":"","jetpack_publicize_message":"","jetpack_publicize_feature_enabled":true,"jetpack_social_post_already_shared":true,"jetpack_social_options":{"image_generator_settings":{"template":"highway","default_image_id":0,"font":"","enabled":false},"version":2}},"categories":[3],"tags":[],"class_list":["post-151","post","type-post","status-publish","format-standard","has-post-thumbnail","hentry","category-portrait-entrepreneuriat"],"jetpack_publicize_connections":[],"jetpack_featured_media_url":"https:\/\/mlousnbyskx9.i.optimole.com\/w:auto\/h:auto\/q:mauto\/f:best\/https:\/\/globalfood.cm\/wp-content\/uploads\/2026\/07\/SAVE_20260710_121030.jpg","jetpack_sharing_enabled":true,"_links":{"self":[{"href":"https:\/\/globalfood.cm\/index.php?rest_route=\/wp\/v2\/posts\/151","targetHints":{"allow":["GET"]}}],"collection":[{"href":"https:\/\/globalfood.cm\/index.php?rest_route=\/wp\/v2\/posts"}],"about":[{"href":"https:\/\/globalfood.cm\/index.php?rest_route=\/wp\/v2\/types\/post"}],"author":[{"embeddable":true,"href":"https:\/\/globalfood.cm\/index.php?rest_route=\/wp\/v2\/users\/2"}],"replies":[{"embeddable":true,"href":"https:\/\/globalfood.cm\/index.php?rest_route=%2Fwp%2Fv2%2Fcomments&post=151"}],"version-history":[{"count":1,"href":"https:\/\/globalfood.cm\/index.php?rest_route=\/wp\/v2\/posts\/151\/revisions"}],"predecessor-version":[{"id":153,"href":"https:\/\/globalfood.cm\/index.php?rest_route=\/wp\/v2\/posts\/151\/revisions\/153"}],"wp:featuredmedia":[{"embeddable":true,"href":"https:\/\/globalfood.cm\/index.php?rest_route=\/wp\/v2\/media\/152"}],"wp:attachment":[{"href":"https:\/\/globalfood.cm\/index.php?rest_route=%2Fwp%2Fv2%2Fmedia&parent=151"}],"wp:term":[{"taxonomy":"category","embeddable":true,"href":"https:\/\/globalfood.cm\/index.php?rest_route=%2Fwp%2Fv2%2Fcategories&post=151"},{"taxonomy":"post_tag","embeddable":true,"href":"https:\/\/globalfood.cm\/index.php?rest_route=%2Fwp%2Fv2%2Ftags&post=151"}],"curies":[{"name":"wp","href":"https:\/\/api.w.org\/{rel}","templated":true}]}}