{"id":154,"date":"2026-07-12T09:15:32","date_gmt":"2026-07-12T09:15:32","guid":{"rendered":"https:\/\/globalfood.cm\/?p=154"},"modified":"2026-07-12T09:15:34","modified_gmt":"2026-07-12T09:15:34","slug":"10-ans-de-cojemak-lassociation-des-jeunes-communicateurs-invitee-de-brice-elandi-sensibilise-au-don-doxygene","status":"publish","type":"post","link":"https:\/\/globalfood.cm\/?p=154","title":{"rendered":"10 ans de  COJEMAK : L&rsquo;association des jeunes communicateurs, invit\u00e9e de Brice \u00c9landi, sensibilise au don d&rsquo;oxyg\u00e8ne"},"content":{"rendered":"\n<p class=\"wp-block-paragraph\"><\/p>\n\n\n\n<hr class=\"wp-block-separator has-alpha-channel-opacity\"\/>\n\n\n\n<figure class=\"wp-block-image size-large\"><img data-opt-id=18506862  fetchpriority=\"high\" decoding=\"async\" width=\"1024\" height=\"850\" src=\"https:\/\/mlousnbyskx9.i.optimole.com\/w:1024\/h:850\/q:mauto\/f:best\/https:\/\/globalfood.cm\/wp-content\/uploads\/2026\/07\/IMG_20260712_092245.jpg\" alt=\"\" class=\"wp-image-156\" srcset=\"https:\/\/mlousnbyskx9.i.optimole.com\/w:1024\/h:850\/q:mauto\/f:best\/https:\/\/globalfood.cm\/wp-content\/uploads\/2026\/07\/IMG_20260712_092245.jpg 1024w, https:\/\/mlousnbyskx9.i.optimole.com\/w:300\/h:249\/q:mauto\/f:best\/https:\/\/globalfood.cm\/wp-content\/uploads\/2026\/07\/IMG_20260712_092245.jpg 300w, https:\/\/mlousnbyskx9.i.optimole.com\/w:768\/h:638\/q:mauto\/f:best\/https:\/\/globalfood.cm\/wp-content\/uploads\/2026\/07\/IMG_20260712_092245.jpg 768w, https:\/\/mlousnbyskx9.i.optimole.com\/w:1080\/h:897\/q:mauto\/f:best\/https:\/\/globalfood.cm\/wp-content\/uploads\/2026\/07\/IMG_20260712_092245.jpg 1080w\" sizes=\"(max-width: 640px) 100vw, 640px\" \/><\/figure>\n\n\n\n<p class=\"wp-block-paragraph\"><strong> \u00c0 l\u2019invitation de Brice \u00c9landi, directeur commercial de la NFC Bank, l\u2019Association  a profit\u00e9 de cette tribune exceptionnelle pour sensibiliser massivement la population au don d\u2019oxyg\u00e8ne m\u00e9dical et de sang.<\/strong><\/p>\n\n\n\n<hr class=\"wp-block-separator has-alpha-channel-opacity\"\/>\n\n\n\n<p class=\"wp-block-paragraph\">Ce 11 juillet 2026, Bikok \u00e9tait en f\u00eate. La COJEMAK c\u00e9l\u00e9brait son dixi\u00e8me anniversaire, en parall\u00e8le de la 8e \u00e9dition des Journ\u00e9es de l\u2019Excellence Scolaire et Entrepreneuriale de la Mefou-et-Akono. Mais parmi les r\u00e9compenses, les innovations sportives et les discours officiels, une association a particuli\u00e8rement retenu l&rsquo;attention : l\u2019Association des Jeunes Communicateurs (AJC), convi\u00e9e par Brice \u00c9landi, pr\u00e9sident de la COJEMAK et directeur commercial de la NFC Bank.<\/p>\n\n\n\n<p class=\"wp-block-paragraph\"><strong>Une invitation porteuse de sens<\/strong><\/p>\n\n\n\n<p class=\"wp-block-paragraph\">En invitant l\u2019AJC \u00e0 cette grand-messe de l\u2019excellence, Brice \u00c9landi a offert \u00e0 ces jeunes communicateurs une vitrine exceptionnelle pour porter un message citoyen d\u2019envergure. C\u2019est en effet dans le cadre de la collaboration entre la NFC Bank et la vitrine du don d\u2019oxyg\u00e8ne m\u00e9dical que cette invitation a \u00e9t\u00e9 lanc\u00e9e. L\u2019objectif : utiliser la notori\u00e9t\u00e9 et le rassemblement de cet \u00e9v\u00e9nement pour sensibiliser les populations \u00e0 une cause vitale.<\/p>\n\n\n\n<p class=\"wp-block-paragraph\"><strong>\u00c9lodie Nyangono et l\u2019AJC : une sensibilisation percutante<\/strong><\/p>\n\n\n\n<p class=\"wp-block-paragraph\">Sous la houlette de sa pr\u00e9sidente, la dynamique \u00c9lodie Nyangono, l\u2019Association des Jeunes Communicateurs a su saisir cette opportunit\u00e9 avec brio. Install\u00e9e au c\u0153ur du centre-ville de Bikok, l\u2019\u00e9quipe de l\u2019AJC a men\u00e9 une campagne de sensibilisation active et engag\u00e9e aupr\u00e8s des milliers de participants pr\u00e9sents : \u00e9l\u00e8ves, parents, enseignants, autorit\u00e9s traditionnelles et administratives.<\/p>\n\n\n\n<figure class=\"wp-block-image size-large\"><img data-opt-id=228876917  fetchpriority=\"high\" decoding=\"async\" width=\"1024\" height=\"461\" src=\"https:\/\/mlousnbyskx9.i.optimole.com\/w:1024\/h:461\/q:mauto\/f:best\/https:\/\/globalfood.cm\/wp-content\/uploads\/2026\/07\/IMG_20260711_162435.jpg\" alt=\"\" class=\"wp-image-157\" srcset=\"https:\/\/mlousnbyskx9.i.optimole.com\/w:1024\/h:461\/q:mauto\/f:best\/https:\/\/globalfood.cm\/wp-content\/uploads\/2026\/07\/IMG_20260711_162435-scaled.jpg 1024w, https:\/\/mlousnbyskx9.i.optimole.com\/w:300\/h:135\/q:mauto\/f:best\/https:\/\/globalfood.cm\/wp-content\/uploads\/2026\/07\/IMG_20260711_162435-scaled.jpg 300w, https:\/\/mlousnbyskx9.i.optimole.com\/w:768\/h:346\/q:mauto\/f:best\/https:\/\/globalfood.cm\/wp-content\/uploads\/2026\/07\/IMG_20260711_162435-scaled.jpg 768w, https:\/\/mlousnbyskx9.i.optimole.com\/w:1536\/h:691\/q:mauto\/f:best\/https:\/\/globalfood.cm\/wp-content\/uploads\/2026\/07\/IMG_20260711_162435-scaled.jpg 1536w, https:\/\/mlousnbyskx9.i.optimole.com\/w:1920\/h:864\/q:mauto\/f:best\/https:\/\/globalfood.cm\/wp-content\/uploads\/2026\/07\/IMG_20260711_162435-scaled.jpg 2048w\" sizes=\"(max-width: 640px) 100vw, 640px\" \/><\/figure>\n\n\n\n<p class=\"wp-block-paragraph\">Le message \u00e9tait clair : mobiliser les forces vives autour de la prochaine vitrine du don d\u2019oxyg\u00e8ne m\u00e9dical et de sang, qui se tiendra du 1er au 10 ao\u00fbt 2026 \u00e0 Bafia. Un \u00e9v\u00e9nement humanitaire dont la NFC Bank est le partenaire majeur, et que l\u2019AJC s\u2019est donn\u00e9 pour mission de promouvoir sur tout le territoire.<\/p>\n\n\n\n<p class=\"wp-block-paragraph\">Gr\u00e2ce \u00e0 leur professionnalisme et \u00e0 leur \u00e9nergie communicative, les jeunes de l\u2019AJC ont r\u00e9ussi \u00e0 toucher un large public, rappelant avec conviction l\u2019importance de ces dons pour sauver des vies. Leur intervention a insuffl\u00e9 une dimension solidaire et humaine \u00e0 une c\u00e9l\u00e9bration d\u00e9j\u00e0 riche en \u00e9motions.<\/p>\n\n\n\n<p class=\"wp-block-paragraph\"><strong>Une c\u00e9r\u00e9monie plac\u00e9e sous le signe de l\u2019engagement collectif<\/strong><\/p>\n\n\n\n<p class=\"wp-block-paragraph\">La c\u00e9r\u00e9monie s\u2019est d\u00e9roul\u00e9e en pr\u00e9sence du repr\u00e9sentant du ministre de l\u2019Eau et de l\u2019\u00c9nergie, parrain de l\u2019\u00e9v\u00e9nement, du fondateur de la COJEMAK, des autorit\u00e9s administratives et traditionnelles, ainsi que des responsables d\u2019\u00e9tablissements scolaires des quatre arrondissements de la Mefou-et-Akono. Tous ont salu\u00e9 l\u2019initiative de l\u2019AJC, qui a su allier communication et engagement citoyen.<\/p>\n\n\n\n<p class=\"wp-block-paragraph\"><strong>Brice \u00c9landi : \u00ab Dix ans d\u2019actions et une vision partag\u00e9e \u00bb<\/strong><\/p>\n\n\n\n<p class=\"wp-block-paragraph\">Prenant la parole, Brice \u00c9landi a dress\u00e9 le bilan de dix ans de pr\u00e9sence active de la COJEMAK aupr\u00e8s des populations. Il a notamment soulign\u00e9 la constance dans la r\u00e9compense des meilleurs \u00e9l\u00e8ves \u2013 200 laur\u00e9ats cette ann\u00e9e, portant le total \u00e0 1 800 en dix ans \u2013 ainsi que les innovations marquantes, comme l\u2019introduction du VTT et du moto-cross, d\u00e9sormais retransmises en direct sur la t\u00e9l\u00e9vision nationale.<\/p>\n\n\n\n<p class=\"wp-block-paragraph\">Mais au-del\u00e0 de ce bilan, c\u2019est avec une r\u00e9elle fiert\u00e9 qu\u2019il a \u00e9voqu\u00e9 la collaboration avec l\u2019AJC : \u00ab Cette invitation est naturelle, car nous partageons la m\u00eame vision : celle d\u2019une jeunesse engag\u00e9e, innovante et solidaire. L\u2019AJC incarne cette dynamique que nous voulons promouvoir. \u00bb<\/p>\n\n\n\n<p class=\"wp-block-paragraph\"><strong>L&rsquo;association des jeunes communicateurs, un partenaire de choix pour les causes humanitaires<\/strong><\/p>\n\n\n\n<p class=\"wp-block-paragraph\">Cette participation \u00e0 Bikok confirme le r\u00f4le grandissant de l\u2019Association des Jeunes Communicateurs comme acteur incontournable de la sensibilisation au Cameroun. Forte de son expertise en communication et de son r\u00e9seau, l\u2019AJC s\u2019impose comme un relais pr\u00e9cieux pour les campagnes humanitaires, \u00e0 l\u2019image de la vitrine du don d\u2019oxyg\u00e8ne m\u00e9dical.<\/p>\n\n\n\n<p class=\"wp-block-paragraph\">\u00c0 l\u2019issue de cette journ\u00e9e, \u00c9lodie Nyangono a exprim\u00e9 sa gratitude : \u00ab Nous remercions chaleureusement Brice \u00c9landi et la NFC Bank pour cette confiance. Cette invitation nous a permis de porter un message essentiel aupr\u00e8s d\u2019un public large et diversifi\u00e9. La mobilisation pour le don de sang et d\u2019oxyg\u00e8ne est une urgence, et nous sommes fiers d\u2019y contribuer. \u00bb<\/p>\n\n\n\n<p class=\"wp-block-paragraph\"><strong>Une c\u00e9l\u00e9bration qui ouvre de nouvelles perspectives<\/strong><\/p>\n\n\n\n<p class=\"wp-block-paragraph\">Au-del\u00e0 des dix ans de la COJEMAK, cette journ\u00e9e restera comme un moment cl\u00e9 pour l\u2019AJC, qui a d\u00e9montr\u00e9 sa capacit\u00e9 \u00e0 f\u00e9d\u00e9rer, sensibiliser et agir concr\u00e8tement en faveur des causes qui sauvent des vies. Rendez-vous est pris pour le 1er ao\u00fbt 2026 \u00e0 Bafia, o\u00f9 la vitrine du don d\u2019oxyg\u00e8ne m\u00e9dical et de sangre promet de mobiliser encore davantage de Camerounais, gr\u00e2ce au travail de sensibilisation men\u00e9 d\u00e8s aujourd\u2019hui par ces jeunes communicateurs engag\u00e9s.<\/p>\n","protected":false},"excerpt":{"rendered":"<p>\u00c0 l\u2019invitation de Brice \u00c9landi, directeur commercial de la NFC Bank, l\u2019Association a profit\u00e9 de cette tribune exceptionnelle<\/p>\n","protected":false},"author":2,"featured_media":155,"comment_status":"open","ping_status":"open","sticky":false,"template":"","format":"standard","meta":{"_jetpack_memberships_contains_paid_content":false,"footnotes":"","jetpack_publicize_message":"","jetpack_publicize_feature_enabled":true,"jetpack_social_post_already_shared":true,"jetpack_social_options":{"image_generator_settings":{"template":"highway","default_image_id":0,"font":"","enabled":false},"version":2}},"categories":[1],"tags":[],"class_list":["post-154","post","type-post","status-publish","format-standard","has-post-thumbnail","hentry","category-actu-innovation"],"jetpack_publicize_connections":[],"jetpack_featured_media_url":"https:\/\/mlousnbyskx9.i.optimole.com\/w:auto\/h:auto\/q:mauto\/f:best\/https:\/\/globalfood.cm\/wp-content\/uploads\/2026\/07\/IMG_20260712_092400.jpg","jetpack_sharing_enabled":true,"_links":{"self":[{"href":"https:\/\/globalfood.cm\/index.php?rest_route=\/wp\/v2\/posts\/154","targetHints":{"allow":["GET"]}}],"collection":[{"href":"https:\/\/globalfood.cm\/index.php?rest_route=\/wp\/v2\/posts"}],"about":[{"href":"https:\/\/globalfood.cm\/index.php?rest_route=\/wp\/v2\/types\/post"}],"author":[{"embeddable":true,"href":"https:\/\/globalfood.cm\/index.php?rest_route=\/wp\/v2\/users\/2"}],"replies":[{"embeddable":true,"href":"https:\/\/globalfood.cm\/index.php?rest_route=%2Fwp%2Fv2%2Fcomments&post=154"}],"version-history":[{"count":1,"href":"https:\/\/globalfood.cm\/index.php?rest_route=\/wp\/v2\/posts\/154\/revisions"}],"predecessor-version":[{"id":158,"href":"https:\/\/globalfood.cm\/index.php?rest_route=\/wp\/v2\/posts\/154\/revisions\/158"}],"wp:featuredmedia":[{"embeddable":true,"href":"https:\/\/globalfood.cm\/index.php?rest_route=\/wp\/v2\/media\/155"}],"wp:attachment":[{"href":"https:\/\/globalfood.cm\/index.php?rest_route=%2Fwp%2Fv2%2Fmedia&parent=154"}],"wp:term":[{"taxonomy":"category","embeddable":true,"href":"https:\/\/globalfood.cm\/index.php?rest_route=%2Fwp%2Fv2%2Fcategories&post=154"},{"taxonomy":"post_tag","embeddable":true,"href":"https:\/\/globalfood.cm\/index.php?rest_route=%2Fwp%2Fv2%2Ftags&post=154"}],"curies":[{"name":"wp","href":"https:\/\/api.w.org\/{rel}","templated":true}]}}