{"id":172,"date":"2026-07-15T08:57:16","date_gmt":"2026-07-15T08:57:16","guid":{"rendered":"https:\/\/globalfood.cm\/?p=172"},"modified":"2026-07-15T08:57:18","modified_gmt":"2026-07-15T08:57:18","slug":"congres-de-lisbee-a-yaounde-quand-lafrique-redefinit-les-regles-de-lethique-des-affaires","status":"publish","type":"post","link":"https:\/\/globalfood.cm\/?p=172","title":{"rendered":"Congr\u00e8s de l&rsquo;ISBEE \u00e0 Yaound\u00e9 : Quand l&rsquo;Afrique red\u00e9finit les r\u00e8gles de l&rsquo;\u00e9thique des affaires"},"content":{"rendered":"\n<p class=\"wp-block-paragraph\"><\/p>\n\n\n\n<p class=\"wp-block-paragraph\"><\/p>\n\n\n\n<hr class=\"wp-block-separator has-alpha-channel-opacity\"\/>\n\n\n\n<p class=\"wp-block-paragraph\"><\/p>\n\n\n\n<p class=\"wp-block-paragraph\"><strong>C&rsquo;est un signal fort que la Soci\u00e9t\u00e9 internationale d&rsquo;\u00e9thique des affaires (ISBEE) a envoy\u00e9 au monde acad\u00e9mique en choisissant le Cameroun pour la tenue de son 8e Congr\u00e8s mondial. Pour la premi\u00e8re fois depuis sa cr\u00e9ation, cette organisation de r\u00e9f\u00e9rence s&rsquo;est install\u00e9e en Afrique subsaharienne hors d&rsquo;Afrique du Sud. Du 14 au 17 juillet 2026, Yaound\u00e9 est devenue la capitale plan\u00e9taire de la r\u00e9flexion sur l&rsquo;\u00e9thique \u00e9conomique, avec un objectif clair : redonner la parole aux Suds globaux et repenser les mod\u00e8les \u00e9tablis \u00e0 partir des r\u00e9alit\u00e9s africaines.<\/strong><\/p>\n\n\n\n<p class=\"wp-block-paragraph\">\u00ab <strong>Nous venons ici pour apprendre du Cameroun \u00bb<\/strong><\/p>\n\n\n\n<p class=\"wp-block-paragraph\">Le ton a \u00e9t\u00e9 donn\u00e9 d\u00e8s le discours d&rsquo;ouverture, prononc\u00e9 par Florian Wettstein, pr\u00e9sident de l&rsquo;ISBEE et professeur \u00e0 l&rsquo;Universit\u00e9 de Saint-Gall en Suisse. \u00ab <strong><em>Le discours international sur l&rsquo;\u00e9thique des affaires est fortement domin\u00e9 par une perspective particuli\u00e8re, celle du Nord global. Nous venons ici non pas pour imposer des solutions, mais pour apprendre du Cameroun<\/em><\/strong> \u00bb, a-t-il affirm\u00e9 devant une assembl\u00e9e o\u00f9 figuraient le recteur de l&rsquo;Universit\u00e9 catholique d&rsquo;Afrique centrale, Thomas Tchoungui, et l&rsquo;ambassadrice de Suisse au Cameroun, Nathalie Kholi.<\/p>\n\n\n\n<p class=\"wp-block-paragraph\">Cette humilit\u00e9 affich\u00e9e contraste avec les habitudes des grandes conf\u00e9rences acad\u00e9miques, o\u00f9 les experts du Nord tiennent souvent le leadership des d\u00e9bats. L&rsquo;ISBEE a fait le pari inverse : d\u00e9placer le congr\u00e8s pour d\u00e9placer les regards. \u00ab <strong><em>Nous voulons probl\u00e9matiser le discours dominant, interroger ses hypoth\u00e8ses et ouvrir la voie \u00e0 des dialogues plus complets \u00bb<\/em><\/strong>, a poursuivi le pr\u00e9sident de l&rsquo;association.<\/p>\n\n\n\n<p class=\"wp-block-paragraph\"><strong>Des chercheurs de tous les continents pour une \u00ab justice \u00e9pist\u00e9mique \u00bb<\/strong><\/p>\n\n\n\n<p class=\"wp-block-paragraph\">Pendant quatre jours, pr\u00e8s d&rsquo;une vingtaine de panels se sont succ\u00e9d\u00e9 sur le campus d&rsquo;Ekounou, r\u00e9unissant des universitaires venus d&rsquo;Afrique, d&rsquo;Am\u00e9rique, d&rsquo;Europe et d&rsquo;Asie. Une diversit\u00e9 g\u00e9ographique assum\u00e9e, que Thierry Ngosso, coordinateur du congr\u00e8s et chercheur camerounais, explique comme une exigence de justice \u00e9pist\u00e9mique : \u00ab <strong><em>Il ne s&rsquo;agit pas seulement d&rsquo;\u00eatre divers pour \u00eatre divers. Il s&rsquo;agit de permettre aux Suds globaux de contribuer pleinement \u00e0 un sujet aussi \u00e9pineux que l&rsquo;\u00e9thique des affaires <\/em><\/strong>\u00bb.<\/p>\n\n\n\n<p class=\"wp-block-paragraph\">Au programme : des r\u00e9flexions sur la colonialit\u00e9 de la responsabilit\u00e9 sociale des entreprises, des tables rondes sur le leadership \u00e9thique en Afrique, mais aussi des approches in\u00e9dites puisant dans les philosophies locales comme l&rsquo;Ubuntu ou le Buen Vivir latino-am\u00e9ricain. Des th\u00e8mes rarement mis en avant dans les grands rendez-vous internationaux, qui ont trouv\u00e9 ici une caisse de r\u00e9sonance naturelle.<\/p>\n\n\n\n<p class=\"wp-block-paragraph\"><strong>L&rsquo;Afrique, laboratoire d&rsquo;un nouveau mod\u00e8le ?<\/strong><\/p>\n\n\n\n<p class=\"wp-block-paragraph\">L&rsquo;ambition affich\u00e9e par les organisateurs est de taille : enrichir le discours global sur l&rsquo;\u00e9thique \u00e9conomique en l&rsquo;ancrant dans les r\u00e9alit\u00e9s locales, sans chercher \u00e0 substituer un mod\u00e8le \u00e0 un autre. Comme l&rsquo;a rappel\u00e9 Thierry Ngosso, \u00ab <strong><em>les attentes de nos populations du Sud sont g\u00e9n\u00e9ralement en d\u00e9calage avec les discours globaux. Nous voulons entamer un d\u00e9bat pour rendre v\u00e9ritablement globale la discussion sur l&rsquo;\u00e9thique \u00e9conomique et des affaires \u00bb.<\/em><\/strong><\/p>\n\n\n\n\n\n<p class=\"wp-block-paragraph\">Au-del\u00e0 des \u00e9changes acad\u00e9miques, le congr\u00e8s a aussi \u00e9t\u00e9 une exp\u00e9rience immersive dans l&rsquo;hospitalit\u00e9 camerounaise. L&rsquo;organisation d&rsquo;un village acad\u00e9mique, des pr\u00e9sentations culturelles et m\u00eame une projection de match de la Coupe du monde ont favoris\u00e9 les \u00e9changes informels entre chercheurs, loin des protocoles rigides des colloques traditionnels.<\/p>\n\n\n\n<p class=\"wp-block-paragraph\"><strong>Un jalon pour la recherche africaine<\/strong><\/p>\n\n\n\n<p class=\"wp-block-paragraph\">En choisissant Yaound\u00e9, l&rsquo;ISBEE n&rsquo;a pas seulement d\u00e9plac\u00e9 g\u00e9ographiquement son congr\u00e8s. Elle a pos\u00e9 un acte fort de reconnaissance envers les chercheurs du continent, longtemps marginalis\u00e9s dans les d\u00e9bats internationaux sur l&rsquo;\u00e9thique des affaires. Pour de nombreux participants locaux, c&rsquo;est l&rsquo;occasion de voir leurs travaux et leurs pr\u00e9occupations port\u00e9s sur la sc\u00e8ne mondiale, sans avoir \u00e0 passer par les filtres habituels des institutions du Nord.<\/p>\n\n\n\n<p class=\"wp-block-paragraph\">L&rsquo;enjeu pour les ann\u00e9es \u00e0 venir est d\u00e9sormais de faire en sorte que ces discussions ne restent pas confin\u00e9es aux murs du campus d&rsquo;Ekounou, mais qu&rsquo;elles nourrissent durablement les politiques publiques et les pratiques des entreprises en Afrique et ailleurs. Le pari est ambitieux, mais le signal envoy\u00e9 depuis Yaound\u00e9 est clair : l&rsquo;\u00e9thique des affaires ne se pense plus sans les Suds.<\/p>\n\n\n\n<hr class=\"wp-block-separator has-alpha-channel-opacity\"\/>\n\n\n\n<p class=\"wp-block-paragraph\">.<\/p>\n","protected":false},"excerpt":{"rendered":"<p>C&rsquo;est un signal fort que la Soci\u00e9t\u00e9 internationale d&rsquo;\u00e9thique des affaires (ISBEE) a envoy\u00e9 au monde acad\u00e9mique en<\/p>\n","protected":false},"author":2,"featured_media":173,"comment_status":"open","ping_status":"open","sticky":false,"template":"","format":"standard","meta":{"_jetpack_memberships_contains_paid_content":false,"footnotes":"","jetpack_publicize_message":"","jetpack_publicize_feature_enabled":true,"jetpack_social_post_already_shared":true,"jetpack_social_options":{"image_generator_settings":{"template":"highway","default_image_id":0,"font":"","enabled":false},"version":2}},"categories":[1],"tags":[],"class_list":["post-172","post","type-post","status-publish","format-standard","has-post-thumbnail","hentry","category-actu-innovation"],"jetpack_publicize_connections":[],"jetpack_featured_media_url":"https:\/\/mlousnbyskx9.i.optimole.com\/w:auto\/h:auto\/q:mauto\/f:best\/https:\/\/globalfood.cm\/wp-content\/uploads\/2026\/07\/IMG_20260715_094838.jpg","jetpack_sharing_enabled":true,"_links":{"self":[{"href":"https:\/\/globalfood.cm\/index.php?rest_route=\/wp\/v2\/posts\/172","targetHints":{"allow":["GET"]}}],"collection":[{"href":"https:\/\/globalfood.cm\/index.php?rest_route=\/wp\/v2\/posts"}],"about":[{"href":"https:\/\/globalfood.cm\/index.php?rest_route=\/wp\/v2\/types\/post"}],"author":[{"embeddable":true,"href":"https:\/\/globalfood.cm\/index.php?rest_route=\/wp\/v2\/users\/2"}],"replies":[{"embeddable":true,"href":"https:\/\/globalfood.cm\/index.php?rest_route=%2Fwp%2Fv2%2Fcomments&post=172"}],"version-history":[{"count":1,"href":"https:\/\/globalfood.cm\/index.php?rest_route=\/wp\/v2\/posts\/172\/revisions"}],"predecessor-version":[{"id":174,"href":"https:\/\/globalfood.cm\/index.php?rest_route=\/wp\/v2\/posts\/172\/revisions\/174"}],"wp:featuredmedia":[{"embeddable":true,"href":"https:\/\/globalfood.cm\/index.php?rest_route=\/wp\/v2\/media\/173"}],"wp:attachment":[{"href":"https:\/\/globalfood.cm\/index.php?rest_route=%2Fwp%2Fv2%2Fmedia&parent=172"}],"wp:term":[{"taxonomy":"category","embeddable":true,"href":"https:\/\/globalfood.cm\/index.php?rest_route=%2Fwp%2Fv2%2Fcategories&post=172"},{"taxonomy":"post_tag","embeddable":true,"href":"https:\/\/globalfood.cm\/index.php?rest_route=%2Fwp%2Fv2%2Ftags&post=172"}],"curies":[{"name":"wp","href":"https:\/\/api.w.org\/{rel}","templated":true}]}}