{"id":176,"date":"2026-07-15T10:46:54","date_gmt":"2026-07-15T10:46:54","guid":{"rendered":"https:\/\/globalfood.cm\/?p=176"},"modified":"2026-07-15T10:46:58","modified_gmt":"2026-07-15T10:46:58","slug":"tibati-la-camwater-en-ordre-de-bataille-pour-retablir-leau-potable","status":"publish","type":"post","link":"https:\/\/globalfood.cm\/?p=176","title":{"rendered":"Tibati : La CAMWATER en ordre de bataille pour r\u00e9tablir l\u2019eau potable"},"content":{"rendered":"\n<p class=\"wp-block-paragraph\"><\/p>\n\n\n\n<p class=\"wp-block-paragraph\">La<strong> ville de Tibati, priv\u00e9e d\u2019eau potable depuis plusieurs jours suite \u00e0 des incidents techniques \u00e0 r\u00e9p\u00e9tition, b\u00e9n\u00e9ficie d\u2019une intervention d\u2019urgence de la CAMWATER. Le Directeur G\u00e9n\u00e9ral de la soci\u00e9t\u00e9 a ordonn\u00e9 une mobilisation exceptionnelle pour remettre en service la station de pompage et assurer la continuit\u00e9 du service<\/strong>.<\/p>\n\n\n\n<p class=\"wp-block-paragraph\"><strong>Des \u00e9quipes sur le terrain sans d\u00e9lai<\/strong><\/p>\n\n\n\n<p class=\"wp-block-paragraph\">\u00c0 la suite de la d\u00e9faillance successive des lignes de refoulement n\u00b01 et n\u00b02, la production d\u2019eau \u00e9tait \u00e0 l\u2019arr\u00eat, plongeant la ville dans une situation critique. Pour y rem\u00e9dier, une \u00e9quipe technique conjointe, compos\u00e9e d\u2019agents de la Direction des Travaux et de la Maintenance (DTM) et de la D\u00e9l\u00e9gation R\u00e9gionale de l\u2019Adamaoua (DRA), a \u00e9t\u00e9 imm\u00e9diatement d\u00e9p\u00each\u00e9e sur place.<\/p>\n\n\n\n<p class=\"wp-block-paragraph\"><strong>Objectif : remettre la station en \u00e9tat de fonctionnement<\/strong><\/p>\n\n\n\n<p class=\"wp-block-paragraph\">Le plan d\u2019urgence comprend plusieurs actions prioritaires :<\/p>\n\n\n\n<p class=\"wp-block-paragraph\">\u00b7 la r\u00e9vision compl\u00e8te du groupe \u00e9lectropompe n\u00b01 pour un red\u00e9ploiement imm\u00e9diat ;<br>\u00b7 le r\u00e9tablissement urgent du captage ;<br>\u00b7 la r\u00e9habilitation de la ligne de secours pour s\u00e9curiser les installations ;<br>\u00b7 l\u2019\u00e9valuation de solutions techniques visant \u00e0 stabiliser durablement l\u2019alimentation en eau de Tibati.<\/p>\n\n\n\n<p class=\"wp-block-paragraph\">En parall\u00e8le, des op\u00e9rations pr\u00e9paratoires sont men\u00e9es avec des entreprises partenaires pour acc\u00e9l\u00e9rer les travaux. Une premi\u00e8re \u00e9quipe installe une ligne prioritaire de production, tandis qu\u2019une seconde proc\u00e8de en atelier \u00e0 la remise en \u00e9tat des \u00e9quipements de secours.<\/p>\n\n\n\n<p class=\"wp-block-paragraph\"><strong>Une r\u00e9ponse durable pour la ville<\/strong><\/p>\n\n\n\n<p class=\"wp-block-paragraph\">Au-del\u00e0 de la remise en eau imm\u00e9diate, cette intervention vise \u00e0 renforcer la r\u00e9silience du r\u00e9seau et \u00e0 r\u00e9duire les risques de coupures futures. La mobilisation coordonn\u00e9e des techniciens d\u00e9montre la capacit\u00e9 de la CAMWATER \u00e0 r\u00e9agir vite face aux incidents, et t\u00e9moigne de l\u2019engagement de sa Direction G\u00e9n\u00e9rale \u00e0 garantir un acc\u00e8s fiable \u00e0 l\u2019eau pour tous.<\/p>\n\n\n\n<p class=\"wp-block-paragraph\"><strong>Campagne de branchements : 72 heures pour \u00eatre connect\u00e9<\/strong><\/p>\n\n\n\n<p class=\"wp-block-paragraph\">Parall\u00e8lement, la CAMWATER invite les populations de Tibati \u00e0 profiter de la campagne en cours des 200 000 branchements. Ce dispositif pr\u00e9voit des all\u00e8gements sur les devis et la garantie de compteurs et kits disponibles. En moins de 72 heures, toute personne physique ou morale peut obtenir un branchement et \u00eatre raccord\u00e9e au r\u00e9seau.<\/p>\n\n\n\n<p class=\"wp-block-paragraph\">Les habitants sont invit\u00e9s \u00e0 se rapprocher des services locaux de la CAMWATER pour b\u00e9n\u00e9ficier de cette offre et contribuer \u00e0 l\u2019am\u00e9lioration durable de l\u2019acc\u00e8s \u00e0 l\u2019eau potable dans la ville.<\/p>\n","protected":false},"excerpt":{"rendered":"<p>La ville de Tibati, priv\u00e9e d\u2019eau potable depuis plusieurs jours suite \u00e0 des incidents techniques \u00e0 r\u00e9p\u00e9tition, b\u00e9n\u00e9ficie<\/p>\n","protected":false},"author":2,"featured_media":177,"comment_status":"open","ping_status":"open","sticky":false,"template":"","format":"standard","meta":{"_jetpack_memberships_contains_paid_content":false,"footnotes":"","jetpack_publicize_message":"","jetpack_publicize_feature_enabled":true,"jetpack_social_post_already_shared":true,"jetpack_social_options":{"image_generator_settings":{"template":"highway","default_image_id":0,"font":"","enabled":false},"version":2}},"categories":[1],"tags":[],"class_list":["post-176","post","type-post","status-publish","format-standard","has-post-thumbnail","hentry","category-actu-innovation"],"jetpack_publicize_connections":[],"jetpack_featured_media_url":"https:\/\/mlousnbyskx9.i.optimole.com\/w:auto\/h:auto\/q:mauto\/f:best\/https:\/\/globalfood.cm\/wp-content\/uploads\/2026\/07\/SAVE_20260715_114052.jpg","jetpack_sharing_enabled":true,"_links":{"self":[{"href":"https:\/\/globalfood.cm\/index.php?rest_route=\/wp\/v2\/posts\/176","targetHints":{"allow":["GET"]}}],"collection":[{"href":"https:\/\/globalfood.cm\/index.php?rest_route=\/wp\/v2\/posts"}],"about":[{"href":"https:\/\/globalfood.cm\/index.php?rest_route=\/wp\/v2\/types\/post"}],"author":[{"embeddable":true,"href":"https:\/\/globalfood.cm\/index.php?rest_route=\/wp\/v2\/users\/2"}],"replies":[{"embeddable":true,"href":"https:\/\/globalfood.cm\/index.php?rest_route=%2Fwp%2Fv2%2Fcomments&post=176"}],"version-history":[{"count":1,"href":"https:\/\/globalfood.cm\/index.php?rest_route=\/wp\/v2\/posts\/176\/revisions"}],"predecessor-version":[{"id":178,"href":"https:\/\/globalfood.cm\/index.php?rest_route=\/wp\/v2\/posts\/176\/revisions\/178"}],"wp:featuredmedia":[{"embeddable":true,"href":"https:\/\/globalfood.cm\/index.php?rest_route=\/wp\/v2\/media\/177"}],"wp:attachment":[{"href":"https:\/\/globalfood.cm\/index.php?rest_route=%2Fwp%2Fv2%2Fmedia&parent=176"}],"wp:term":[{"taxonomy":"category","embeddable":true,"href":"https:\/\/globalfood.cm\/index.php?rest_route=%2Fwp%2Fv2%2Fcategories&post=176"},{"taxonomy":"post_tag","embeddable":true,"href":"https:\/\/globalfood.cm\/index.php?rest_route=%2Fwp%2Fv2%2Ftags&post=176"}],"curies":[{"name":"wp","href":"https:\/\/api.w.org\/{rel}","templated":true}]}}