{"id":179,"date":"2026-07-16T06:09:11","date_gmt":"2026-07-16T06:09:11","guid":{"rendered":"https:\/\/globalfood.cm\/?p=179"},"modified":"2026-07-16T06:09:12","modified_gmt":"2026-07-16T06:09:12","slug":"securite-de-leau-le-cameroun-plaide-pour-un-financement-de-4-milliards-de-dollars-a-ndjamena","status":"publish","type":"post","link":"https:\/\/globalfood.cm\/?p=179","title":{"rendered":"S\u00e9curit\u00e9 de l&rsquo;eau : Le Cameroun plaide pour un financement de 4 milliards de dollars \u00e0 N&rsquo;Djam\u00e9na"},"content":{"rendered":"\n<p class=\"wp-block-paragraph\"><\/p>\n\n\n\n<p class=\"wp-block-paragraph\"><\/p>\n\n\n\n<p class=\"wp-block-paragraph\"><strong>Ce 15 Juillet,  Le Cameroun a fait entendre sa voix avec force lors du Forum Africain de l&rsquo;Eau organis\u00e9 \u00e0 N&rsquo;Djam\u00e9na dans le cadre de l&rsquo;initiative \u00ab Water Forward \u00bb de la Banque mondiale. Repr\u00e9sentant personnel du Chef de l&rsquo;\u00c9tat, le Ministre de l&rsquo;Eau et de l&rsquo;\u00c9nergie, Gaston Eloundou Essomba, a pr\u00e9sent\u00e9 les engagements du Gouvernement camerounais en faveur de la s\u00e9curit\u00e9 de l&rsquo;eau, face \u00e0 ses homologues africains, aux partenaires techniques et financiers et aux institutions internationales.<\/strong><\/p>\n\n\n\n<p class=\"wp-block-paragraph\"><\/p>\n\n\n\n<p class=\"wp-block-paragraph\">Ouvrant son intervention, le Ministre a tenu \u00e0 remercier la R\u00e9publique du Tchad et la Banque mondiale pour l&rsquo;organisation de cette rencontre consacr\u00e9e \u00e0 une probl\u00e9matique qu&rsquo;il a qualifi\u00e9e de prioritaire pour le Cameroun. Il a dress\u00e9 un \u00e9tat des lieux sans d\u00e9tour : si le pays dispose d&rsquo;abondantes ressources en eau, leur r\u00e9partition demeure in\u00e9gale et de nombreux Camerounais rencontrent encore des difficult\u00e9s d&rsquo;acc\u00e8s \u00e0 l&rsquo;eau potable.<\/p>\n\n\n\n<p class=\"wp-block-paragraph\">Le membre du Gouvernement a soulign\u00e9 que ces disparit\u00e9s se manifestent aussi bien entre les villes et les campagnes qu&rsquo;entre les diff\u00e9rentes r\u00e9gions du pays. Cette situation, a-t-il expliqu\u00e9, affecte directement la qualit\u00e9 de vie des populations, mais aussi les performances de secteurs essentiels comme l&rsquo;agriculture, l&rsquo;\u00e9levage et l&rsquo;industrie.<\/p>\n\n\n\n<p class=\"wp-block-paragraph\"><strong>L&rsquo;eau, vecteur de croissance \u00e9conomique<\/strong><\/p>\n\n\n\n<p class=\"wp-block-paragraph\">\u00ab <strong>Nous voulons faire de l&rsquo;eau un vecteur de croissance <\/strong>\u00bb, a d\u00e9clar\u00e9 Gaston Eloundou Essomba devant l&rsquo;assembl\u00e9e. Selon lui, dans plusieurs r\u00e9gions du Cameroun, les faibles rendements agricoles s&rsquo;expliquent par l&rsquo;absence d&rsquo;infrastructures permettant de stocker et de valoriser une ressource pourtant abondante pendant la saison des pluies. Dans les zones sah\u00e9liennes, le manque d&rsquo;eau entra\u00eene \u00e9galement d&rsquo;importantes pertes de b\u00e9tail pendant la saison s\u00e8che.<\/p>\n\n\n\n<figure class=\"wp-block-image size-large\"><img data-opt-id=1273948339  fetchpriority=\"high\" decoding=\"async\" width=\"1024\" height=\"682\" src=\"https:\/\/mlousnbyskx9.i.optimole.com\/w:1024\/h:682\/q:mauto\/f:best\/https:\/\/globalfood.cm\/wp-content\/uploads\/2026\/07\/FB_IMG_1784181727087.jpg\" alt=\"\" class=\"wp-image-181\" srcset=\"https:\/\/mlousnbyskx9.i.optimole.com\/w:1024\/h:682\/q:mauto\/f:best\/https:\/\/globalfood.cm\/wp-content\/uploads\/2026\/07\/FB_IMG_1784181727087.jpg 1024w, https:\/\/mlousnbyskx9.i.optimole.com\/w:300\/h:200\/q:mauto\/f:best\/https:\/\/globalfood.cm\/wp-content\/uploads\/2026\/07\/FB_IMG_1784181727087.jpg 300w, https:\/\/mlousnbyskx9.i.optimole.com\/w:768\/h:511\/q:mauto\/f:best\/https:\/\/globalfood.cm\/wp-content\/uploads\/2026\/07\/FB_IMG_1784181727087.jpg 768w, https:\/\/mlousnbyskx9.i.optimole.com\/w:1280\/h:852\/q:mauto\/f:best\/https:\/\/globalfood.cm\/wp-content\/uploads\/2026\/07\/FB_IMG_1784181727087.jpg 1280w\" sizes=\"(max-width: 640px) 100vw, 640px\" \/><\/figure>\n\n\n\n<p class=\"wp-block-paragraph\">Le Ministre a \u00e9galement rappel\u00e9 que cette probl\u00e9matique touche le secteur \u00e9nerg\u00e9tique. L&rsquo;hydro\u00e9lectricit\u00e9 repr\u00e9sentant pr\u00e8s de 80 % du mix \u00e9nerg\u00e9tique du Cameroun, la baisse des d\u00e9bits observ\u00e9e sur certains barrages r\u00e9duit significativement leur capacit\u00e9 de production, avec des cons\u00e9quences directes sur l&rsquo;approvisionnement des m\u00e9nages et le d\u00e9veloppement industriel.<\/p>\n\n\n\n<p class=\"wp-block-paragraph\"><strong>Le Compact Eau, feuille de route du Gouvernement<\/strong><\/p>\n\n\n\n<p class=\"wp-block-paragraph\">Pour r\u00e9pondre durablement \u00e0 ces d\u00e9fis, le Gouvernement camerounais a \u00e9labor\u00e9 un Compact Eau, d\u00e9sormais valid\u00e9, qui constitue la feuille de route nationale en mati\u00e8re de s\u00e9curit\u00e9 de l&rsquo;eau. Ce document rassemble les engagements du Cameroun et un plan d&rsquo;action structur\u00e9 autour de plusieurs piliers strat\u00e9giques, compl\u00e9t\u00e9s par un volet sp\u00e9cifique consacr\u00e9 \u00e0 la gouvernance du secteur.<\/p>\n\n\n\n<p class=\"wp-block-paragraph\">Le Ministre a reconnu que l&rsquo;am\u00e9lioration de la gouvernance constitue un enjeu majeur, notamment au regard des performances actuelles du concessionnaire public charg\u00e9 de la production et de la distribution de l&rsquo;eau potable. C&rsquo;est pourquoi le Compact pr\u00e9voit des r\u00e9formes destin\u00e9es \u00e0 renforcer l&rsquo;efficacit\u00e9 des services et \u00e0 am\u00e9liorer durablement les performances du secteur.<\/p>\n\n\n\n<p class=\"wp-block-paragraph\"><strong>Un appel \u00e0 la mobilisation des partenaires<\/strong><\/p>\n\n\n\n<p class=\"wp-block-paragraph\">Le co\u00fbt global de cette strat\u00e9gie est estim\u00e9 \u00e0 pr\u00e8s de 4 milliards de dollars am\u00e9ricains. \u00c0 ce jour, environ 30 % des financements sont d\u00e9j\u00e0 mobilis\u00e9s, tandis que des discussions sont en cours pour s\u00e9curiser une nouvelle tranche \u00e9quivalente. Le Cameroun sollicite ainsi l&rsquo;appui de ses partenaires afin de combler le d\u00e9ficit de financement restant.<\/p>\n\n\n\n<p class=\"wp-block-paragraph\">Le Ministre a salu\u00e9 l&rsquo;accompagnement d\u00e9j\u00e0 apport\u00e9 par la Banque mondiale et la Banque africaine de d\u00e9veloppement, notamment \u00e0 travers le Projet de S\u00e9curit\u00e9 de l&rsquo;Eau au Cameroun (SEWASH). Ce programme pr\u00e9voit la r\u00e9alisation d&rsquo;une centaine de mini-adductions d&rsquo;eau potable dans les r\u00e9gions sah\u00e9liennes, tout en soutenant les r\u00e9formes engag\u00e9es pour am\u00e9liorer la gouvernance du secteur.<\/p>\n\n\n\n<p class=\"wp-block-paragraph\">En conclusion, Gaston Eloundou Essomba a lanc\u00e9 un appel \u00e0 une mobilisation renforc\u00e9e de l&rsquo;ensemble des partenaires techniques et financiers. Pour le Gouvernement camerounais, la r\u00e9ussite du Compact Eau est indispensable pour faire de l&rsquo;eau un v\u00e9ritable moteur de croissance \u00e9conomique, renforcer la r\u00e9silience face aux changements climatiques et garantir un acc\u00e8s universel, durable et \u00e9quitable \u00e0 l&rsquo;eau potable sur toute l&rsquo;\u00e9tendue du territoire national.<\/p>\n","protected":false},"excerpt":{"rendered":"<p>Ce 15 Juillet, Le Cameroun a fait entendre sa voix avec force lors du Forum Africain de l&rsquo;Eau<\/p>\n","protected":false},"author":2,"featured_media":180,"comment_status":"open","ping_status":"open","sticky":false,"template":"","format":"standard","meta":{"_jetpack_memberships_contains_paid_content":false,"footnotes":"","jetpack_publicize_message":"","jetpack_publicize_feature_enabled":true,"jetpack_social_post_already_shared":true,"jetpack_social_options":{"image_generator_settings":{"template":"highway","default_image_id":0,"font":"","enabled":false},"version":2}},"categories":[1],"tags":[],"class_list":["post-179","post","type-post","status-publish","format-standard","has-post-thumbnail","hentry","category-actu-innovation"],"jetpack_publicize_connections":[],"jetpack_featured_media_url":"https:\/\/mlousnbyskx9.i.optimole.com\/w:auto\/h:auto\/q:mauto\/f:best\/https:\/\/globalfood.cm\/wp-content\/uploads\/2026\/07\/IMG_20260716_070229.jpg","jetpack_sharing_enabled":true,"_links":{"self":[{"href":"https:\/\/globalfood.cm\/index.php?rest_route=\/wp\/v2\/posts\/179","targetHints":{"allow":["GET"]}}],"collection":[{"href":"https:\/\/globalfood.cm\/index.php?rest_route=\/wp\/v2\/posts"}],"about":[{"href":"https:\/\/globalfood.cm\/index.php?rest_route=\/wp\/v2\/types\/post"}],"author":[{"embeddable":true,"href":"https:\/\/globalfood.cm\/index.php?rest_route=\/wp\/v2\/users\/2"}],"replies":[{"embeddable":true,"href":"https:\/\/globalfood.cm\/index.php?rest_route=%2Fwp%2Fv2%2Fcomments&post=179"}],"version-history":[{"count":1,"href":"https:\/\/globalfood.cm\/index.php?rest_route=\/wp\/v2\/posts\/179\/revisions"}],"predecessor-version":[{"id":182,"href":"https:\/\/globalfood.cm\/index.php?rest_route=\/wp\/v2\/posts\/179\/revisions\/182"}],"wp:featuredmedia":[{"embeddable":true,"href":"https:\/\/globalfood.cm\/index.php?rest_route=\/wp\/v2\/media\/180"}],"wp:attachment":[{"href":"https:\/\/globalfood.cm\/index.php?rest_route=%2Fwp%2Fv2%2Fmedia&parent=179"}],"wp:term":[{"taxonomy":"category","embeddable":true,"href":"https:\/\/globalfood.cm\/index.php?rest_route=%2Fwp%2Fv2%2Fcategories&post=179"},{"taxonomy":"post_tag","embeddable":true,"href":"https:\/\/globalfood.cm\/index.php?rest_route=%2Fwp%2Fv2%2Ftags&post=179"}],"curies":[{"name":"wp","href":"https:\/\/api.w.org\/{rel}","templated":true}]}}