{"id":183,"date":"2026-07-16T06:30:57","date_gmt":"2026-07-16T06:30:57","guid":{"rendered":"https:\/\/globalfood.cm\/?p=183"},"modified":"2026-07-16T06:30:58","modified_gmt":"2026-07-16T06:30:58","slug":"infrastructures-hydrauliques-viva-benoue-ouvre-le-dialogue-avec-les-entreprises-pour-un-barrage-de-lagdo-plus-sur","status":"publish","type":"post","link":"https:\/\/globalfood.cm\/?p=183","title":{"rendered":"Infrastructures hydrauliques : VIVA B\u00e9nou\u00e9 ouvre le dialogue avec les entreprises pour un barrage de Lagdo plus s\u00fbr"},"content":{"rendered":"\n<p class=\"wp-block-paragraph\"><strong>Transparence, comp\u00e9titivit\u00e9 et efficacit\u00e9 , telles sont les ambitions affich\u00e9es par le Projet VIVA B\u00e9nou\u00e9 \u00e0 l&rsquo;occasion de la consultation pr\u00e9liminaire du march\u00e9. Cette rencontre, qui a r\u00e9uni des entreprises nationales et internationales, marque le lancement officiel de la phase pr\u00e9paratoire aux futurs appels d\u2019offres li\u00e9s \u00e0 la s\u00e9curisation du barrage hydro\u00e9lectrique de Lagdo, dans la r\u00e9gion du Nord. L&rsquo;objectif est d&rsquo;associer les acteurs priv\u00e9s \u00e0 la d\u00e9finition des exigences techniques et des proc\u00e9dures de passation, avant le lancement officiel des appels d&rsquo;offres pr\u00e9vu au troisi\u00e8me trimestre 2026.<\/strong><\/p>\n\n\n\n<p class=\"wp-block-paragraph\">Le Projet VIVA B\u00e9nou\u00e9 a franchi une \u00e9tape cl\u00e9 ce mardi en organisant, \u00e0 l\u2019h\u00f4tel Djeuga Palace de Yaound\u00e9, une session de consultation pr\u00e9liminaire du march\u00e9. Cette rencontre, qui a r\u00e9uni des entreprises nationales et internationales, marque le lancement officiel de la phase pr\u00e9paratoire aux futurs appels d\u2019offres li\u00e9s \u00e0 la s\u00e9curisation du barrage hydro\u00e9lectrique de Lagdo, dans la r\u00e9gion du Nord.<\/p>\n\n\n\n<p class=\"wp-block-paragraph\"><strong>Des opportunit\u00e9s d\u2019investissement majeures<\/strong><\/p>\n\n\n\n<p class=\"wp-block-paragraph\">Au c\u0153ur des \u00e9changes, deux grands volets ont \u00e9t\u00e9 pr\u00e9sent\u00e9s aux op\u00e9rateurs \u00e9conomiques :<\/p>\n\n\n\n<p class=\"wp-block-paragraph\">\u00b7 La r\u00e9habilitation et les travaux de g\u00e9nie civil du barrage de Lagdo, infrastructure strat\u00e9gique pour la production d\u2019\u00e9nergie et la r\u00e9gulation des eaux du fleuve B\u00e9nou\u00e9 ;<br>\u00b7 La mise en place d\u2019un Syst\u00e8me d\u2019Information Hydrom\u00e9t\u00e9orologique (SIH) et d\u2019un Syst\u00e8me d\u2019Alerte Pr\u00e9coce (SAP) contre les inondations, destin\u00e9 \u00e0 renforcer la r\u00e9silience des populations riveraines face aux crues r\u00e9currentes.<\/p>\n\n\n\n<p class=\"wp-block-paragraph\"><strong>Une concertation pour des march\u00e9s plus performants<\/strong><\/p>\n\n\n\n<p class=\"wp-block-paragraph\">Au-del\u00e0 de la pr\u00e9sentation des investissements, la consultation a permis d\u2019aborder des sujets essentiels : la strat\u00e9gie de passation des march\u00e9s, les exigences techniques, les contraintes sp\u00e9cifiques du secteur, mais aussi les innovations attendues et les recommandations formul\u00e9es par les entreprises. Ces retours serviront \u00e0 am\u00e9liorer la qualit\u00e9 des futurs dossiers d\u2019appel d\u2019offres, dont le lancement est programm\u00e9 pour le troisi\u00e8me trimestre 2026.<\/p>\n\n\n\n<figure class=\"wp-block-image size-full\"><img data-opt-id=1332250535  fetchpriority=\"high\" decoding=\"async\" width=\"1020\" height=\"768\" src=\"https:\/\/mlousnbyskx9.i.optimole.com\/w:auto\/h:auto\/q:mauto\/f:best\/https:\/\/globalfood.cm\/wp-content\/uploads\/2026\/07\/FB_IMG_1784183066859.jpg\" alt=\"\" class=\"wp-image-185\" srcset=\"https:\/\/mlousnbyskx9.i.optimole.com\/w:1020\/h:768\/q:mauto\/f:best\/https:\/\/globalfood.cm\/wp-content\/uploads\/2026\/07\/FB_IMG_1784183066859.jpg 1020w, https:\/\/mlousnbyskx9.i.optimole.com\/w:300\/h:226\/q:mauto\/f:best\/https:\/\/globalfood.cm\/wp-content\/uploads\/2026\/07\/FB_IMG_1784183066859.jpg 300w, https:\/\/mlousnbyskx9.i.optimole.com\/w:768\/h:578\/q:mauto\/f:best\/https:\/\/globalfood.cm\/wp-content\/uploads\/2026\/07\/FB_IMG_1784183066859.jpg 768w\" sizes=\"(max-width: 640px) 100vw, 640px\" \/><\/figure>\n\n\n\n<p class=\"wp-block-paragraph\"><strong>Une d\u00e9marche participative et transparente<\/strong><\/p>\n\n\n\n<p class=\"wp-block-paragraph\">En associant d\u00e8s maintenant les acteurs priv\u00e9s \u00e0 la r\u00e9flexion, le Projet VIVA B\u00e9nou\u00e9 affirme sa volont\u00e9 de promouvoir des proc\u00e9dures transparentes, comp\u00e9titives et efficaces. L\u2019objectif est double : garantir la s\u00e9curit\u00e9 des infrastructures hydrauliques essentielles et prot\u00e9ger les populations contre les risques d\u2019inondation, dans un contexte de changements climatiques de plus en plus pressants.<\/p>\n\n\n\n<p class=\"wp-block-paragraph\">Cette session pr\u00e9liminaire ouvre la voie \u00e0 une mobilisation large des comp\u00e9tences techniques et financi\u00e8res, au b\u00e9n\u00e9fice d\u2019un projet structurant pour le d\u00e9veloppement durable du nord du Cameroun.<\/p>\n","protected":false},"excerpt":{"rendered":"<p>Transparence, comp\u00e9titivit\u00e9 et efficacit\u00e9 , telles sont les ambitions affich\u00e9es par le Projet VIVA B\u00e9nou\u00e9 \u00e0 l&rsquo;occasion de<\/p>\n","protected":false},"author":2,"featured_media":184,"comment_status":"open","ping_status":"open","sticky":false,"template":"","format":"standard","meta":{"_jetpack_memberships_contains_paid_content":false,"footnotes":"","jetpack_publicize_message":"","jetpack_publicize_feature_enabled":true,"jetpack_social_post_already_shared":true,"jetpack_social_options":{"image_generator_settings":{"template":"highway","default_image_id":0,"font":"","enabled":false},"version":2}},"categories":[1],"tags":[],"class_list":["post-183","post","type-post","status-publish","format-standard","has-post-thumbnail","hentry","category-actu-innovation"],"jetpack_publicize_connections":[],"jetpack_featured_media_url":"https:\/\/mlousnbyskx9.i.optimole.com\/w:auto\/h:auto\/q:mauto\/f:best\/https:\/\/globalfood.cm\/wp-content\/uploads\/2026\/07\/FB_IMG_1784183056451.jpg","jetpack_sharing_enabled":true,"_links":{"self":[{"href":"https:\/\/globalfood.cm\/index.php?rest_route=\/wp\/v2\/posts\/183","targetHints":{"allow":["GET"]}}],"collection":[{"href":"https:\/\/globalfood.cm\/index.php?rest_route=\/wp\/v2\/posts"}],"about":[{"href":"https:\/\/globalfood.cm\/index.php?rest_route=\/wp\/v2\/types\/post"}],"author":[{"embeddable":true,"href":"https:\/\/globalfood.cm\/index.php?rest_route=\/wp\/v2\/users\/2"}],"replies":[{"embeddable":true,"href":"https:\/\/globalfood.cm\/index.php?rest_route=%2Fwp%2Fv2%2Fcomments&post=183"}],"version-history":[{"count":1,"href":"https:\/\/globalfood.cm\/index.php?rest_route=\/wp\/v2\/posts\/183\/revisions"}],"predecessor-version":[{"id":186,"href":"https:\/\/globalfood.cm\/index.php?rest_route=\/wp\/v2\/posts\/183\/revisions\/186"}],"wp:featuredmedia":[{"embeddable":true,"href":"https:\/\/globalfood.cm\/index.php?rest_route=\/wp\/v2\/media\/184"}],"wp:attachment":[{"href":"https:\/\/globalfood.cm\/index.php?rest_route=%2Fwp%2Fv2%2Fmedia&parent=183"}],"wp:term":[{"taxonomy":"category","embeddable":true,"href":"https:\/\/globalfood.cm\/index.php?rest_route=%2Fwp%2Fv2%2Fcategories&post=183"},{"taxonomy":"post_tag","embeddable":true,"href":"https:\/\/globalfood.cm\/index.php?rest_route=%2Fwp%2Fv2%2Ftags&post=183"}],"curies":[{"name":"wp","href":"https:\/\/api.w.org\/{rel}","templated":true}]}}