{"id":215,"date":"2026-08-02T20:29:51","date_gmt":"2026-08-02T20:29:51","guid":{"rendered":"https:\/\/globalfood.cm\/?p=215"},"modified":"2026-08-02T20:29:51","modified_gmt":"2026-08-02T20:29:51","slug":"action-contre-la-faim-et-gret-deux-piliers-du-developpement-solidaire-face-aux-defis-humanitaires-actuels","status":"publish","type":"post","link":"https:\/\/globalfood.cm\/?p=215","title":{"rendered":"Action Contre la Faim et GRET : deux piliers du d\u00e9veloppement solidaire face aux d\u00e9fis humanitaires actuels"},"content":{"rendered":"<p>\u00c0 l&rsquo;heure o\u00f9 les crises humanitaires se multiplient et o\u00f9 les financements publics en faveur de la solidarit\u00e9 internationale sont fragilis\u00e9s, les grandes organisations non gouvernementales sp\u00e9cialis\u00e9es dans la lutte contre la faim et le d\u00e9veloppement durable se retrouvent en premi\u00e8re ligne. Parmi elles, Action Contre la Faim (ACF) et le GRET (Groupe de Recherche et d&rsquo;\u00c9changes Technologiques) incarnent deux approches compl\u00e9mentaires mais convergentes d&rsquo;un m\u00eame id\u00e9al : construire un monde plus juste, o\u00f9 chaque individu acc\u00e8de \u00e0 une alimentation suffisante et \u00e0 des conditions de vie dignes.<\/p>\n<h2>ACF et GRET : des missions compl\u00e9mentaires au service des populations vuln\u00e9rables<\/h2>\n<p>Fond\u00e9e \u00e0 la fin des ann\u00e9es 1970, Action Contre la Faim intervient dans une quarantaine de pays \u00e0 travers le monde, d\u00e9ployant des programmes d&rsquo;urgence et de r\u00e9silience dans des domaines aussi vari\u00e9s que la nutrition, la s\u00e9curit\u00e9 alimentaire, l&rsquo;eau et l&rsquo;assainissement ou encore la sant\u00e9 mentale. Son positionnement est r\u00e9solument dual : agir vite lors des crises aigu\u00ebs, mais aussi accompagner les communaut\u00e9s sur le long terme pour pr\u00e9venir les situations d&rsquo;urgence.<\/p>\n<p>Le GRET, de son c\u00f4t\u00e9, se distingue par une approche centr\u00e9e sur le d\u00e9veloppement durable et la coop\u00e9ration technique. Pr\u00e9sent dans de nombreux pays d&rsquo;Afrique, d&rsquo;Asie et d&rsquo;Am\u00e9rique latine, il travaille \u00e0 renforcer les capacit\u00e9s locales, \u00e0 am\u00e9liorer les syst\u00e8mes alimentaires et \u00e0 promouvoir des mod\u00e8les \u00e9conomiques inclusifs. L\u00e0 o\u00f9 ACF intervient souvent dans l&rsquo;urgence, le GRET s&rsquo;inscrit davantage dans le temps long, en misant sur le transfert de comp\u00e9tences et l&rsquo;accompagnement des acteurs locaux.<\/p>\n<h2>La faim, un d\u00e9fi qui ne mobilise plus suffisamment les d\u00e9cideurs<\/h2>\n<p>Malgr\u00e9 des d\u00e9cennies de progr\u00e8s mesurables, la lutte contre la malnutrition traverse une p\u00e9riode de recul pr\u00e9occupant. Des responsables du secteur humanitaire alertent r\u00e9guli\u00e8rement sur le d\u00e9sengagement progressif des d\u00e9cideurs politiques face \u00e0 cette probl\u00e9matique. La faim, pourtant \u00e9troitement li\u00e9e aux conflits arm\u00e9s, aux in\u00e9galit\u00e9s \u00e9conomiques et au d\u00e9r\u00e8glement climatique, peine \u00e0 s&rsquo;imposer durablement \u00e0 l&rsquo;agenda international. Cette perte de visibilit\u00e9 est d&rsquo;autant plus inqui\u00e9tante que les besoins sur le terrain ne cessent de s&rsquo;accro\u00eetre, notamment en Afrique subsaharienne et au Sahel.<\/p>\n<p>Ce constat pousse des organisations comme ACF \u00e0 diversifier leurs strat\u00e9gies de plaidoyer, en interpellant non seulement les gouvernements mais aussi les institutions financi\u00e8res, les entreprises priv\u00e9es et les citoyens. Il s&rsquo;agit de remettre la question alimentaire au c\u0153ur du d\u00e9bat public, en rappelant qu&rsquo;elle constitue un droit humain fondamental.<\/p>\n<h2>L&rsquo;APD et le financement de la solidarit\u00e9 internationale en question<\/h2>\n<p>L&rsquo;Aide Publique au D\u00e9veloppement (APD) repr\u00e9sente l&rsquo;un des leviers essentiels sur lesquels s&rsquo;appuient les ONG pour mener \u00e0 bien leurs missions. Or, dans plusieurs pays donateurs, ces budgets font l&rsquo;objet de coupes ou de red\u00e9finitions qui menacent la continuit\u00e9 de nombreux programmes. Les organisations de la soci\u00e9t\u00e9 civile, regroup\u00e9es au sein de plateformes comme Coordination SUD en France, plaident activement pour le maintien et le renforcement de ces financements, rappelant leur r\u00f4le structurant non seulement pour le d\u00e9veloppement, mais aussi pour la stabilit\u00e9 g\u00e9opolitique mondiale.<\/p>\n<p>Dans ce contexte, certaines ONG appellent \u00e9galement \u00e0 explorer de nouveaux m\u00e9canismes de financement innovants. Le renforcement de la taxe sur les transactions financi\u00e8res, par exemple, est r\u00e9guli\u00e8rement mis en avant comme une piste s\u00e9rieuse pour abonder les fonds d\u00e9di\u00e9s \u00e0 la solidarit\u00e9 internationale, sans peser davantage sur les contribuables les plus modestes.<\/p>\n<h2>Des projets concrets pour transformer les territoires<\/h2>\n<p>Sur le terrain, les initiatives port\u00e9es par ces organisations t\u00e9moignent d&rsquo;une capacit\u00e9 d&rsquo;adaptation remarquable. \u00c0 titre d&rsquo;exemple, des projets de grande envergure comme PROPEL Adapt au Mali illustrent comment la coop\u00e9ration internationale peut se traduire en am\u00e9liorations concr\u00e8tes pour des millions de personnes, en combinant enjeux de sant\u00e9, d&rsquo;alimentation et d&rsquo;adaptation au changement climatique. Ce type de programme, souvent co-construit avec des acteurs locaux et des partenaires techniques, refl\u00e8te la philosophie port\u00e9e \u00e0 la fois par ACF et le GRET : une aide qui responsabilise plut\u00f4t qu&rsquo;elle n&rsquo;assiste.<\/p>\n<p>La mobilisation citoyenne joue \u00e9galement un r\u00f4le croissant. Des \u00e9v\u00e9nements comme des concerts de solidarit\u00e9 organis\u00e9s \u00e0 l&rsquo;occasion de la F\u00eate de la Musique permettent de sensibiliser le grand public \u00e0 ces enjeux, en donnant une visibilit\u00e9 populaire \u00e0 des causes qui restent souvent cantonn\u00e9es aux cercles sp\u00e9cialis\u00e9s.<\/p>\n<h2>Vers un d\u00e9veloppement solidaire repens\u00e9<\/h2>\n<p>Face \u00e0 l&rsquo;ampleur des d\u00e9fis \u2014 conflits, changements climatiques, crises \u00e9conomiques \u2014, le d\u00e9veloppement solidaire ne peut plus se contenter de r\u00e9ponses ponctuelles. ACF, le GRET et leurs homologues appellent \u00e0 une refonte profonde des paradigmes de l&rsquo;aide internationale, fond\u00e9e sur le respect de la souverainet\u00e9 des peuples, le renforcement des syst\u00e8mes locaux et une gouvernance mondiale plus \u00e9quitable. C&rsquo;est \u00e0 cette condition que la lutte contre la faim pourra redevenir une priorit\u00e9 partag\u00e9e, et non une urgence p\u00e9riodiquement rappel\u00e9e avant d&rsquo;\u00eatre oubli\u00e9e.<\/p>\n","protected":false},"excerpt":{"rendered":"<p>Dans un contexte mondial o\u00f9 la faim et la pr\u00e9carit\u00e9 progressent, des organisations comme Action Contre la Faim (ACF) et le GRET s&rsquo;imposent comme des acteurs incontournables du d\u00e9veloppement solidaire. Tour d&rsquo;horizon de leurs engagements et des enjeux qui entourent leur action.<\/p>\n","protected":false},"author":1,"featured_media":216,"comment_status":"open","ping_status":"open","sticky":false,"template":"","format":"standard","meta":{"_jetpack_memberships_contains_paid_content":false,"footnotes":"","jetpack_publicize_message":"","jetpack_publicize_feature_enabled":true,"jetpack_social_post_already_shared":true,"jetpack_social_options":{"image_generator_settings":{"template":"highway","default_image_id":0,"font":"","enabled":false},"version":2}},"categories":[5],"tags":[],"class_list":["post-215","post","type-post","status-publish","format-standard","has-post-thumbnail","hentry","category-sante-nutrition"],"jetpack_publicize_connections":[],"jetpack_featured_media_url":"https:\/\/mlousnbyskx9.i.optimole.com\/w:auto\/h:auto\/q:mauto\/f:best\/https:\/\/globalfood.cm\/wp-content\/uploads\/2026\/08\/acp-a-diverse-group-of-aid-workers-and-local-1785702593.jpg","jetpack_sharing_enabled":true,"_links":{"self":[{"href":"https:\/\/globalfood.cm\/index.php?rest_route=\/wp\/v2\/posts\/215","targetHints":{"allow":["GET"]}}],"collection":[{"href":"https:\/\/globalfood.cm\/index.php?rest_route=\/wp\/v2\/posts"}],"about":[{"href":"https:\/\/globalfood.cm\/index.php?rest_route=\/wp\/v2\/types\/post"}],"author":[{"embeddable":true,"href":"https:\/\/globalfood.cm\/index.php?rest_route=\/wp\/v2\/users\/1"}],"replies":[{"embeddable":true,"href":"https:\/\/globalfood.cm\/index.php?rest_route=%2Fwp%2Fv2%2Fcomments&post=215"}],"version-history":[{"count":0,"href":"https:\/\/globalfood.cm\/index.php?rest_route=\/wp\/v2\/posts\/215\/revisions"}],"wp:featuredmedia":[{"embeddable":true,"href":"https:\/\/globalfood.cm\/index.php?rest_route=\/wp\/v2\/media\/216"}],"wp:attachment":[{"href":"https:\/\/globalfood.cm\/index.php?rest_route=%2Fwp%2Fv2%2Fmedia&parent=215"}],"wp:term":[{"taxonomy":"category","embeddable":true,"href":"https:\/\/globalfood.cm\/index.php?rest_route=%2Fwp%2Fv2%2Fcategories&post=215"},{"taxonomy":"post_tag","embeddable":true,"href":"https:\/\/globalfood.cm\/index.php?rest_route=%2Fwp%2Fv2%2Ftags&post=215"}],"curies":[{"name":"wp","href":"https:\/\/api.w.org\/{rel}","templated":true}]}}