{"id":217,"date":"2026-08-03T08:27:26","date_gmt":"2026-08-03T08:27:26","guid":{"rendered":"https:\/\/globalfood.cm\/?p=217"},"modified":"2026-08-03T08:27:26","modified_gmt":"2026-08-03T08:27:26","slug":"caritas-et-le-developpement-rural-une-mobilisation-mondiale-au-service-des-communautes-vulnerables","status":"publish","type":"post","link":"https:\/\/globalfood.cm\/?p=217","title":{"rendered":"Caritas et le d\u00e9veloppement rural : une mobilisation mondiale au service des communaut\u00e9s vuln\u00e9rables"},"content":{"rendered":"<p>Dans un contexte mondial marqu\u00e9 par les crises alimentaires, les d\u00e9placements de populations et les in\u00e9galit\u00e9s persistantes entre zones urbaines et rurales, Caritas s&rsquo;impose comme un acteur incontournable du d\u00e9veloppement rural. \u00c0 travers diff\u00e9rents continents, l&rsquo;organisation caritative catholique tisse des partenariats strat\u00e9giques et d\u00e9ploie des programmes ambitieux pour r\u00e9pondre aux besoins fondamentaux des communaut\u00e9s les plus \u00e9loign\u00e9es des centres de d\u00e9cision.<\/p>\n<h2>S\u00e9n\u00e9gal : une alliance renforc\u00e9e entre Caritas Dakar et l&rsquo;\u00c9tat pour les zones rurales<\/h2>\n<p>Au S\u00e9n\u00e9gal, la dynamique est particuli\u00e8rement notable. Caritas Dakar vient de franchir une \u00e9tape significative en consolidant sa collaboration avec le minist\u00e8re de l&rsquo;Agriculture dans le cadre d&rsquo;une strat\u00e9gie commune orient\u00e9e vers la souverainet\u00e9 alimentaire. Cette alliance entre une organisation de la soci\u00e9t\u00e9 civile et les pouvoirs publics illustre une approche compl\u00e9mentaire : l\u00e0 o\u00f9 l&rsquo;\u00c9tat pose le cadre politique et r\u00e9glementaire, Caritas intervient au plus pr\u00e8s des territoires ruraux pour en traduire les orientations en actions concr\u00e8tes.<\/p>\n<p>Cette convergence d&rsquo;efforts vise notamment \u00e0 renforcer la capacit\u00e9 des agriculteurs locaux \u00e0 produire, \u00e0 stocker et \u00e0 commercialiser leurs r\u00e9coltes dans de meilleures conditions. La souverainet\u00e9 alimentaire, loin d&rsquo;\u00eatre un concept abstrait, se construit ici autour d&rsquo;enjeux tr\u00e8s pratiques : acc\u00e8s aux semences, \u00e0 l&rsquo;eau, aux techniques agricoles adapt\u00e9es et aux march\u00e9s. En mutualisant leurs ressources et leur expertise, Caritas et le minist\u00e8re s\u00e9n\u00e9galais cherchent \u00e0 b\u00e2tir une r\u00e9silience durable pour les populations rurales, souvent les premi\u00e8res victimes de l&rsquo;ins\u00e9curit\u00e9 alimentaire.<\/p>\n<h2>Kaolack : l&rsquo;\u00e9mancipation des femmes, pilier du d\u00e9veloppement rural<\/h2>\n<p>\u00c0 Kaolack, ville du centre du S\u00e9n\u00e9gal, Caritas a choisi de placer la femme et l&rsquo;acc\u00e8s \u00e0 l&rsquo;eau au c\u0153ur de son action en c\u00e9l\u00e9brant conjointement les Journ\u00e9es internationales d\u00e9di\u00e9es aux droits des femmes et \u00e0 l&rsquo;eau. Ce rapprochement th\u00e9matique n&rsquo;est pas anodin : dans les r\u00e9gions rurales africaines, ce sont tr\u00e8s majoritairement les femmes qui assument la corv\u00e9e d&rsquo;eau, parfois au d\u00e9triment de leur \u00e9ducation, de leur sant\u00e9 et de leur activit\u00e9 \u00e9conomique.<\/p>\n<p>En f\u00e9d\u00e9rant ces deux causes lors d&rsquo;un m\u00eame \u00e9v\u00e9nement, Caritas Kaolack envoie un message fort sur l&rsquo;interd\u00e9pendance des d\u00e9fis du d\u00e9veloppement rural. Am\u00e9liorer l&rsquo;acc\u00e8s \u00e0 l&rsquo;eau potable, c&rsquo;est simultan\u00e9ment lib\u00e9rer du temps pour les femmes, r\u00e9duire les maladies hydriques et favoriser l&rsquo;essor d&rsquo;activit\u00e9s agricoles ou artisanales g\u00e9n\u00e9ratrices de revenus. Cette vision holistique du d\u00e9veloppement constitue l&rsquo;une des marques de fabrique de l&rsquo;action caritasienne sur le continent africain.<\/p>\n<h2>Ha\u00efti : reconstruire le monde rural face au chaos<\/h2>\n<p>Si le contexte s\u00e9n\u00e9galais t\u00e9moigne d&rsquo;une dynamique encourageante, la situation en Ha\u00efti rappelle que Caritas intervient \u00e9galement dans des environnements bien plus pr\u00e9caires. Selon Vatican News, la Caritas ha\u00eftienne maintient son engagement en faveur du d\u00e9veloppement rural malgr\u00e9 les crises politique, s\u00e9curitaire et humanitaire qui secouent le pays. Dans ce contexte difficile, l&rsquo;organisation s&rsquo;attache \u00e0 soutenir les communaut\u00e9s paysannes en leur fournissant un accompagnement technique et des ressources pour poursuivre leurs activit\u00e9s agricoles.<\/p>\n<p>L&rsquo;enjeu est double : nourrir une population en d\u00e9tresse \u00e0 court terme, tout en posant les bases d&rsquo;une agriculture locale capable de r\u00e9duire la d\u00e9pendance alimentaire du pays \u00e0 moyen terme. L&rsquo;engagement de Caritas en Ha\u00efti illustre la capacit\u00e9 de l&rsquo;organisation \u00e0 maintenir une pr\u00e9sence et une action dans des zones o\u00f9 d&rsquo;autres acteurs peinent \u00e0 intervenir.<\/p>\n<h2>Le Tchad : r\u00e9silience des populations d\u00e9plac\u00e9es dans le sud du pays<\/h2>\n<p>Plus \u00e0 l&rsquo;est du continent africain, le projet NexSud, soutenu notamment par l&rsquo;Agence Fran\u00e7aise de D\u00e9veloppement, s&rsquo;inscrit dans une logique similaire en ciblant les populations autochtones, r\u00e9fugi\u00e9es et retourn\u00e9es du sud du Tchad. Si Caritas n&rsquo;en est pas le seul porteur, ce type de programme illustre l&rsquo;\u00e9cosyst\u00e8me dans lequel l&rsquo;organisation op\u00e8re : des coalitions d&rsquo;acteurs humanitaires et de d\u00e9veloppement qui combinent urgence et reconstruction \u00e0 long terme.<\/p>\n<p>Dans ces r\u00e9gions marqu\u00e9es par les conflits et les flux migratoires, le d\u00e9veloppement rural devient un outil de stabilisation sociale. Permettre \u00e0 des communaut\u00e9s fragilis\u00e9es de cultiver, d&rsquo;\u00e9lever du b\u00e9tail et de g\u00e9n\u00e9rer des revenus, c&rsquo;est aussi reconstruire un tissu social d\u00e9lit\u00e9 et pr\u00e9venir de nouveaux d\u00e9placements.<\/p>\n<h2>Une vision commune : le d\u00e9veloppement rural comme levier de dignit\u00e9 humaine<\/h2>\n<p>Qu&rsquo;il s&rsquo;agisse du S\u00e9n\u00e9gal, d&rsquo;Ha\u00efti ou du Tchad, les actions de Caritas en milieu rural partagent une philosophie commune ancr\u00e9e dans la doctrine sociale de l&rsquo;\u00c9glise : chaque \u00eatre humain est porteur d&rsquo;une dignit\u00e9 inali\u00e9nable qui n\u00e9cessite, pour s&rsquo;exprimer pleinement, des conditions de vie d\u00e9centes. L&rsquo;acc\u00e8s \u00e0 la terre, \u00e0 l&rsquo;eau, \u00e0 une alimentation suffisante et \u00e0 un revenu stable ne sont pas des privil\u00e8ges mais des droits fondamentaux.<\/p>\n<p>En tissant des partenariats avec les \u00c9tats, les agences de d\u00e9veloppement internationales et les communaut\u00e9s locales, Caritas construit un mod\u00e8le d&rsquo;intervention qui d\u00e9passe la simple assistance. Il s&rsquo;agit d&rsquo;accompagner les populations rurales vers une autonomie durable, dans le respect de leurs cultures et de leurs savoir-faire. Un d\u00e9fi immense, mais que l&rsquo;organisation rel\u00e8ve chaque jour, sur le terrain, avec une constance remarquable.<\/p>\n","protected":false},"excerpt":{"rendered":"<p>De l&rsquo;Afrique subsaharienne \u00e0 Ha\u00efti, Caritas multiplie ses engagements en faveur du d\u00e9veloppement rural, de la souverainet\u00e9 alimentaire et de la r\u00e9silience des populations les plus fragiles. Un tour d&rsquo;horizon de ces initiatives qui transforment concr\u00e8tement le quotidien de millions de personnes.<\/p>\n","protected":false},"author":0,"featured_media":218,"comment_status":"open","ping_status":"open","sticky":false,"template":"","format":"standard","meta":{"_jetpack_memberships_contains_paid_content":false,"footnotes":"","jetpack_publicize_message":"","jetpack_publicize_feature_enabled":true,"jetpack_social_post_already_shared":true,"jetpack_social_options":{"image_generator_settings":{"template":"highway","default_image_id":0,"font":"","enabled":false},"version":2}},"categories":[5],"tags":[],"class_list":["post-217","post","type-post","status-publish","format-standard","has-post-thumbnail","hentry","category-sante-nutrition"],"jetpack_publicize_connections":[],"jetpack_featured_media_url":"https:\/\/mlousnbyskx9.i.optimole.com\/w:auto\/h:auto\/q:mauto\/f:best\/https:\/\/globalfood.cm\/wp-content\/uploads\/2026\/08\/acp-a-vibrant-rural-african-landscape-at-gol-1785745650.jpg","jetpack_sharing_enabled":true,"_links":{"self":[{"href":"https:\/\/globalfood.cm\/index.php?rest_route=\/wp\/v2\/posts\/217","targetHints":{"allow":["GET"]}}],"collection":[{"href":"https:\/\/globalfood.cm\/index.php?rest_route=\/wp\/v2\/posts"}],"about":[{"href":"https:\/\/globalfood.cm\/index.php?rest_route=\/wp\/v2\/types\/post"}],"replies":[{"embeddable":true,"href":"https:\/\/globalfood.cm\/index.php?rest_route=%2Fwp%2Fv2%2Fcomments&post=217"}],"version-history":[{"count":0,"href":"https:\/\/globalfood.cm\/index.php?rest_route=\/wp\/v2\/posts\/217\/revisions"}],"wp:featuredmedia":[{"embeddable":true,"href":"https:\/\/globalfood.cm\/index.php?rest_route=\/wp\/v2\/media\/218"}],"wp:attachment":[{"href":"https:\/\/globalfood.cm\/index.php?rest_route=%2Fwp%2Fv2%2Fmedia&parent=217"}],"wp:term":[{"taxonomy":"category","embeddable":true,"href":"https:\/\/globalfood.cm\/index.php?rest_route=%2Fwp%2Fv2%2Fcategories&post=217"},{"taxonomy":"post_tag","embeddable":true,"href":"https:\/\/globalfood.cm\/index.php?rest_route=%2Fwp%2Fv2%2Ftags&post=217"}],"curies":[{"name":"wp","href":"https:\/\/api.w.org\/{rel}","templated":true}]}}