{"id":222,"date":"2026-08-04T20:27:12","date_gmt":"2026-08-04T20:27:12","guid":{"rendered":"https:\/\/globalfood.cm\/?p=222"},"modified":"2026-08-04T20:27:12","modified_gmt":"2026-08-04T20:27:12","slug":"caritas-et-le-developpement-rural-une-mission-humanitaire-au-coeur-des-territoires-fragiles","status":"publish","type":"post","link":"https:\/\/globalfood.cm\/?p=222","title":{"rendered":"Caritas et le d\u00e9veloppement rural : une mission humanitaire au c\u0153ur des territoires fragiles"},"content":{"rendered":"<p>Dans un contexte mondial marqu\u00e9 par des crises alimentaires r\u00e9currentes, des d\u00e9placements de populations et des in\u00e9galit\u00e9s persistantes entre les territoires ruraux et urbains, l&rsquo;organisation Caritas s&rsquo;impose comme un acteur incontournable du d\u00e9veloppement rural. Pr\u00e9sente sur plusieurs continents, elle d\u00e9ploie des programmes aux ambitions clairement structurelles, bien loin d&rsquo;une logique de simple assistance ponctuelle.<\/p>\n<h2>S\u00e9n\u00e9gal : une alliance strat\u00e9gique entre Caritas Dakar et l&rsquo;\u00c9tat<\/h2>\n<p>Au S\u00e9n\u00e9gal, la dynamique est particuli\u00e8rement notable. Caritas Dakar et le minist\u00e8re de l&rsquo;Agriculture ont r\u00e9cemment consolid\u00e9 leur collaboration autour d&rsquo;un objectif partag\u00e9 : renforcer la souverainet\u00e9 alimentaire dans les zones rurales du pays. Cette alliance strat\u00e9gique illustre une \u00e9volution significative dans la mani\u00e8re dont les organisations confessionnelles et les pouvoirs publics envisagent d\u00e9sormais leur relation : non plus dans une logique de suppl\u00e9ance, mais dans un v\u00e9ritable partenariat op\u00e9rationnel.<\/p>\n<p>Les zones rurales s\u00e9n\u00e9galaises, souvent confront\u00e9es \u00e0 l&rsquo;ins\u00e9curit\u00e9 alimentaire, \u00e0 la d\u00e9gradation des terres et \u00e0 l&rsquo;exode des jeunes vers les villes, constituent un terrain d&rsquo;action prioritaire. En unissant leurs ressources et leurs expertises, Caritas et l&rsquo;\u00c9tat cherchent \u00e0 d\u00e9ployer des solutions adapt\u00e9es aux r\u00e9alit\u00e9s locales, qu&rsquo;il s&rsquo;agisse de soutien \u00e0 l&rsquo;agriculture familiale, d&rsquo;acc\u00e8s aux semences am\u00e9lior\u00e9es ou de renforcement des capacit\u00e9s des producteurs ruraux.<\/p>\n<h2>Kaolack : les droits des femmes et l&rsquo;eau, piliers du d\u00e9veloppement rural<\/h2>\n<p>\u00c0 Kaolack, dans le centre du S\u00e9n\u00e9gal, Caritas a choisi de c\u00e9l\u00e9brer conjointement les Journ\u00e9es internationales d\u00e9di\u00e9es aux droits des femmes et \u00e0 l&rsquo;eau. Ce rapprochement symbolique n&rsquo;est pas anodin : dans les milieux ruraux africains, l&rsquo;acc\u00e8s \u00e0 l&rsquo;eau potable et l&rsquo;\u00e9mancipation des femmes sont deux leviers intimement li\u00e9s au d\u00e9veloppement des communaut\u00e9s.<\/p>\n<p>Les femmes rurales sont en premi\u00e8re ligne face aux p\u00e9nuries d&rsquo;eau, consacrant parfois plusieurs heures par jour \u00e0 cette corv\u00e9e au d\u00e9triment de leur scolarisation, de leur activit\u00e9 \u00e9conomique ou de leur sant\u00e9. En articulant ces deux th\u00e9matiques dans ses actions de sensibilisation et de plaidoyer, Caritas Kaolack envoie un message clair : le d\u00e9veloppement rural durable ne peut se construire sans l&rsquo;autonomisation des femmes ni sans garantir un acc\u00e8s \u00e9quitable aux ressources naturelles fondamentales.<\/p>\n<h2>Ha\u00efti : reconstruire l&rsquo;agriculture dans un pays en crise<\/h2>\n<p>Sur le continent am\u00e9ricain, c&rsquo;est en Ha\u00efti que Caritas se mobilise avec une urgence particuli\u00e8re. Dans ce pays frapp\u00e9 par des d\u00e9cennies d&rsquo;instabilit\u00e9 politique, de catastrophes naturelles et d&rsquo;une pauvret\u00e9 structurelle profonde, l&rsquo;organisation s&rsquo;engage en faveur du d\u00e9veloppement rural \u00e0 travers des programmes concrets de soutien aux agricultures paysannes. Il s&rsquo;agit d&rsquo;accompagner les communaut\u00e9s locales dans la reconstruction de leurs moyens de subsistance, en valorisant les savoir-faire traditionnels tout en introduisant des pratiques agricoles plus r\u00e9silientes face aux al\u00e9as climatiques.<\/p>\n<p>L&rsquo;enjeu ha\u00eftien illustre parfaitement la philosophie globale de Caritas en mati\u00e8re de d\u00e9veloppement rural : ne pas substituer son action \u00e0 celle des communaut\u00e9s, mais les accompagner dans la construction de leur propre autonomie alimentaire et \u00e9conomique.<\/p>\n<h2>Tchad : la r\u00e9silience comme horizon pour les populations vuln\u00e9rables<\/h2>\n<p>Plus \u00e0 l&rsquo;est, au sud du Tchad, des projets similaires visent \u00e0 renforcer la r\u00e9silience socio-\u00e9conomique de populations particuli\u00e8rement vuln\u00e9rables : autochtones, r\u00e9fugi\u00e9s et personnes de retour dans leurs zones d&rsquo;origine apr\u00e8s des p\u00e9riodes de d\u00e9placement. Dans ces contextes de fragilit\u00e9 extr\u00eame, le d\u00e9veloppement rural devient un outil de reconstruction du lien social autant que de s\u00e9curisation des moyens de vie. L&rsquo;objectif est de permettre \u00e0 ces populations de ne plus d\u00e9pendre uniquement de l&rsquo;aide humanitaire d&rsquo;urgence, mais de retrouver une capacit\u00e9 productive autonome.<\/p>\n<h2>Un mod\u00e8le d&rsquo;action ancr\u00e9 dans les territoires<\/h2>\n<p>Ce qui distingue l&rsquo;approche de Caritas dans le domaine du d\u00e9veloppement rural, c&rsquo;est son enracinement territorial. Gr\u00e2ce \u00e0 un r\u00e9seau dense de dioc\u00e8ses et de structures locales, l&rsquo;organisation dispose d&rsquo;une connaissance fine des r\u00e9alit\u00e9s v\u00e9cues par les populations qu&rsquo;elle accompagne. Cette proximit\u00e9 lui permet de concevoir des interventions sur mesure, adapt\u00e9es aux contextes culturels, climatiques et \u00e9conomiques de chaque territoire.<\/p>\n<ul>\n<li>Renforcement de la souverainet\u00e9 alimentaire en partenariat avec les \u00c9tats<\/li>\n<li>Autonomisation des femmes rurales et acc\u00e8s \u00e0 l&rsquo;eau<\/li>\n<li>Soutien \u00e0 l&rsquo;agriculture paysanne dans les zones de crise<\/li>\n<li>Accompagnement \u00e0 la r\u00e9silience des populations d\u00e9plac\u00e9es ou marginalis\u00e9es<\/li>\n<\/ul>\n<p>\u00c0 travers ces multiples fronts d&rsquo;action, Caritas confirme son r\u00f4le de catalyseur du d\u00e9veloppement rural dans les r\u00e9gions les plus fragiles du monde. Son mod\u00e8le, fond\u00e9 sur la subsidiarit\u00e9, le partenariat et le respect de la dignit\u00e9 humaine, continue d&rsquo;inspirer de nouvelles formes de coop\u00e9ration entre soci\u00e9t\u00e9 civile, institutions religieuses et pouvoirs publics au service des communaut\u00e9s rurales les plus vuln\u00e9rables.<\/p>\n","protected":false},"excerpt":{"rendered":"<p>De l&rsquo;Afrique subsaharienne \u00e0 Ha\u00efti, Caritas multiplie les initiatives concr\u00e8tes pour renforcer la souverainet\u00e9 alimentaire et am\u00e9liorer les conditions de vie des communaut\u00e9s rurales. Un engagement structurel qui d\u00e9passe la simple assistance pour s&rsquo;inscrire dans une logique de transformation durable.<\/p>\n","protected":false},"author":0,"featured_media":0,"comment_status":"open","ping_status":"open","sticky":false,"template":"","format":"standard","meta":{"_jetpack_memberships_contains_paid_content":false,"footnotes":"","jetpack_publicize_message":"","jetpack_publicize_feature_enabled":true,"jetpack_social_post_already_shared":true,"jetpack_social_options":{"image_generator_settings":{"template":"highway","default_image_id":0,"font":"","enabled":false},"version":2}},"categories":[5],"tags":[],"class_list":["post-222","post","type-post","status-publish","format-standard","hentry","category-sante-nutrition"],"jetpack_publicize_connections":[],"jetpack_featured_media_url":"","jetpack_sharing_enabled":true,"_links":{"self":[{"href":"https:\/\/globalfood.cm\/index.php?rest_route=\/wp\/v2\/posts\/222","targetHints":{"allow":["GET"]}}],"collection":[{"href":"https:\/\/globalfood.cm\/index.php?rest_route=\/wp\/v2\/posts"}],"about":[{"href":"https:\/\/globalfood.cm\/index.php?rest_route=\/wp\/v2\/types\/post"}],"replies":[{"embeddable":true,"href":"https:\/\/globalfood.cm\/index.php?rest_route=%2Fwp%2Fv2%2Fcomments&post=222"}],"version-history":[{"count":0,"href":"https:\/\/globalfood.cm\/index.php?rest_route=\/wp\/v2\/posts\/222\/revisions"}],"wp:attachment":[{"href":"https:\/\/globalfood.cm\/index.php?rest_route=%2Fwp%2Fv2%2Fmedia&parent=222"}],"wp:term":[{"taxonomy":"category","embeddable":true,"href":"https:\/\/globalfood.cm\/index.php?rest_route=%2Fwp%2Fv2%2Fcategories&post=222"},{"taxonomy":"post_tag","embeddable":true,"href":"https:\/\/globalfood.cm\/index.php?rest_route=%2Fwp%2Fv2%2Ftags&post=222"}],"curies":[{"name":"wp","href":"https:\/\/api.w.org\/{rel}","templated":true}]}}