{"id":227,"date":"2026-08-05T20:27:15","date_gmt":"2026-08-05T20:27:15","guid":{"rendered":"https:\/\/globalfood.cm\/?p=227"},"modified":"2026-08-05T20:27:15","modified_gmt":"2026-08-05T20:27:15","slug":"caritas-et-le-developpement-rural-une-mobilisation-croissante-au-service-des-communautes-vulnerables","status":"publish","type":"post","link":"https:\/\/globalfood.cm\/?p=227","title":{"rendered":"Caritas et le D\u00e9veloppement Rural : Une Mobilisation Croissante au Service des Communaut\u00e9s Vuln\u00e9rables"},"content":{"rendered":"<p>Dans un contexte mondial marqu\u00e9 par les crises alimentaires, les d\u00e9placements de populations et les in\u00e9galit\u00e9s persistantes entre zones urbaines et rurales, Caritas confirme son r\u00f4le d&rsquo;acteur incontournable du d\u00e9veloppement rural. \u00c0 travers plusieurs pays, l&rsquo;organisation caritative d&rsquo;inspiration catholique intensifie ses programmes en faveur des communaut\u00e9s les plus expos\u00e9es, en s&rsquo;appuyant sur des alliances institutionnelles solides et une pr\u00e9sence ancr\u00e9e dans les territoires.<\/p>\n<h2>S\u00e9n\u00e9gal : Caritas Dakar et l&rsquo;\u00c9tat main dans la main pour la souverainet\u00e9 alimentaire<\/h2>\n<p>Au S\u00e9n\u00e9gal, la dynamique de collaboration entre Caritas Dakar et le minist\u00e8re de l&rsquo;Agriculture illustre parfaitement cette ambition. Les deux partenaires ont franchi un nouveau cap dans leur coop\u00e9ration, en consolidant une alliance strat\u00e9gique orient\u00e9e vers les zones rurales du pays. L&rsquo;enjeu est consid\u00e9rable : garantir aux populations rurales s\u00e9n\u00e9galaises un acc\u00e8s durable aux ressources alimentaires, dans un contexte o\u00f9 la d\u00e9pendance aux al\u00e9as climatiques reste \u00e9lev\u00e9e.<\/p>\n<p>Cette alliance ne se limite pas \u00e0 des d\u00e9clarations d&rsquo;intention. Elle se traduit par des actions concr\u00e8tes visant \u00e0 structurer les fili\u00e8res agricoles locales, \u00e0 accompagner les petits producteurs et \u00e0 renforcer leur capacit\u00e9 \u00e0 assurer leur propre subsistance. En positionnant la souverainet\u00e9 alimentaire comme priorit\u00e9 commune, Caritas Dakar et l&rsquo;\u00c9tat s\u00e9n\u00e9galais envoient un signal fort : le d\u00e9veloppement rural ne peut se faire ni par une seule institution, ni sans ancrage territorial r\u00e9el.<\/p>\n<h2>Kaolack : les femmes et l&rsquo;eau au c\u0153ur des combats de Caritas<\/h2>\n<p>En parall\u00e8le, \u00e0 Kaolack, Caritas a choisi de mettre en lumi\u00e8re deux enjeux fondamentaux pour les communaut\u00e9s rurales : les droits des femmes et l&rsquo;acc\u00e8s \u00e0 l&rsquo;eau. \u00c0 l&rsquo;occasion des journ\u00e9es internationales d\u00e9di\u00e9es \u00e0 ces th\u00e9matiques, l&rsquo;organisation a organis\u00e9 des \u00e9v\u00e9nements de sensibilisation qui refl\u00e8tent une vision int\u00e9gr\u00e9e du d\u00e9veloppement. Car il est d\u00e9sormais \u00e9tabli que l&rsquo;\u00e9mancipation des femmes rurales et la s\u00e9curisation des ressources hydriques sont des leviers essentiels pour briser les cycles de pauvret\u00e9.<\/p>\n<p>Les femmes repr\u00e9sentent une part majoritaire de la main-d&rsquo;\u0153uvre agricole dans de nombreuses r\u00e9gions d&rsquo;Afrique subsaharienne, tout en restant souvent exclues des m\u00e9canismes de d\u00e9cision et d&rsquo;acc\u00e8s \u00e0 la propri\u00e9t\u00e9 fonci\u00e8re. En faisant de leur autonomisation une priorit\u00e9, Caritas adopte une approche de d\u00e9veloppement rural coh\u00e9rente et inclusive, qui va bien au-del\u00e0 de la simple aide humanitaire.<\/p>\n<h2>Ha\u00efti : reconstruire le monde rural dans un pays \u00e0 l&rsquo;\u00e9preuve<\/h2>\n<p>Le regard se tourne \u00e9galement vers Ha\u00efti, o\u00f9 Caritas s&rsquo;engage dans une d\u00e9marche de d\u00e9veloppement rural face \u00e0 une situation particuli\u00e8rement difficile. Dans un pays durement touch\u00e9 par l&rsquo;instabilit\u00e9 politique, les catastrophes naturelles et l&rsquo;ins\u00e9curit\u00e9 alimentaire chronique, l&rsquo;organisation \u0153uvre au renforcement des capacit\u00e9s agricoles locales et au soutien des communaut\u00e9s rurales isol\u00e9es.<\/p>\n<p>L&rsquo;engagement de Caritas en Ha\u00efti illustre une conviction forte : m\u00eame dans les contextes les plus adverses, investir dans le d\u00e9veloppement rural demeure une n\u00e9cessit\u00e9, non seulement pour nourrir les populations, mais aussi pour restaurer la dignit\u00e9 et construire des perspectives d&rsquo;avenir. L&rsquo;agriculture familiale, les circuits courts et la valorisation des savoirs locaux sont autant de piliers sur lesquels repose cette action de long terme.<\/p>\n<h2>Une logique de r\u00e9silience partag\u00e9e \u00e0 l&rsquo;\u00e9chelle internationale<\/h2>\n<p>Ces diff\u00e9rentes initiatives s&rsquo;inscrivent dans une tendance plus large, document\u00e9e \u00e9galement par des acteurs comme l&rsquo;Agence Fran\u00e7aise de D\u00e9veloppement (AFD), qui soutient des programmes similaires de r\u00e9silience socio-\u00e9conomique pour les populations vuln\u00e9rables, notamment dans des zones de crise comme le sud du Tchad. La convergence des approches entre organisations confessionnelles, agences de d\u00e9veloppement et gouvernements nationaux t\u00e9moigne d&rsquo;une prise de conscience collective : le d\u00e9veloppement rural exige une r\u00e9ponse coordonn\u00e9e, multidimensionnelle et ancr\u00e9e dans le respect des r\u00e9alit\u00e9s locales.<\/p>\n<p>Caritas, forte de son r\u00e9seau mondial et de sa l\u00e9gitimit\u00e9 aupr\u00e8s des communaut\u00e9s de base, occupe une position singuli\u00e8re dans cet \u00e9cosyst\u00e8me. Sa capacit\u00e9 \u00e0 tisser des liens entre institutions \u00e9tatiques, populations locales et partenaires internationaux en fait un acteur pivot pour r\u00e9pondre aux d\u00e9fis du monde rural contemporain.<\/p>\n<h2>Vers un mod\u00e8le de d\u00e9veloppement rural durable et solidaire<\/h2>\n<p>Au fil de ses actions au S\u00e9n\u00e9gal, en Ha\u00efti et ailleurs, Caritas dessine les contours d&rsquo;un mod\u00e8le de d\u00e9veloppement rural qui refuse de dissocier s\u00e9curit\u00e9 alimentaire, droits humains, \u00e9galit\u00e9 de genre et pr\u00e9servation des ressources naturelles. Ce mod\u00e8le holistique, fond\u00e9 sur la solidarit\u00e9 et le partenariat, repr\u00e9sente une r\u00e9ponse pertinente aux crises multiples auxquelles font face les territoires ruraux du monde en d\u00e9veloppement.<\/p>\n<p>Dans un monde o\u00f9 les promesses des grandes conf\u00e9rences climatiques peinent souvent \u00e0 se concr\u00e9tiser sur le terrain, l&rsquo;action quotidienne de Caritas aupr\u00e8s des populations rurales rappelle que le changement se construit d&rsquo;abord \u00e0 l&rsquo;\u00e9chelle humaine, communaut\u00e9 par communaut\u00e9.<\/p>\n","protected":false},"excerpt":{"rendered":"<p>De l&rsquo;Afrique de l&rsquo;Ouest \u00e0 Ha\u00efti, Caritas multiplie les initiatives pour renforcer la souverainet\u00e9 alimentaire et soutenir les populations rurales les plus fragiles. Partenariats strat\u00e9giques, droits des femmes et r\u00e9silience agricole sont au c\u0153ur de son action de terrain.<\/p>\n","protected":false},"author":0,"featured_media":228,"comment_status":"open","ping_status":"open","sticky":false,"template":"","format":"standard","meta":{"_jetpack_memberships_contains_paid_content":false,"footnotes":"","jetpack_publicize_message":"","jetpack_publicize_feature_enabled":true,"jetpack_social_post_already_shared":true,"jetpack_social_options":{"image_generator_settings":{"template":"highway","default_image_id":0,"font":"","enabled":false},"version":2}},"categories":[5],"tags":[],"class_list":["post-227","post","type-post","status-publish","format-standard","has-post-thumbnail","hentry","category-sante-nutrition"],"jetpack_publicize_connections":[],"jetpack_featured_media_url":"https:\/\/mlousnbyskx9.i.optimole.com\/w:auto\/h:auto\/q:mauto\/f:best\/https:\/\/globalfood.cm\/wp-content\/uploads\/2026\/08\/acp-a-vibrant-rural-african-landscape-at-gol-1785961638.jpg","jetpack_sharing_enabled":true,"_links":{"self":[{"href":"https:\/\/globalfood.cm\/index.php?rest_route=\/wp\/v2\/posts\/227","targetHints":{"allow":["GET"]}}],"collection":[{"href":"https:\/\/globalfood.cm\/index.php?rest_route=\/wp\/v2\/posts"}],"about":[{"href":"https:\/\/globalfood.cm\/index.php?rest_route=\/wp\/v2\/types\/post"}],"replies":[{"embeddable":true,"href":"https:\/\/globalfood.cm\/index.php?rest_route=%2Fwp%2Fv2%2Fcomments&post=227"}],"version-history":[{"count":0,"href":"https:\/\/globalfood.cm\/index.php?rest_route=\/wp\/v2\/posts\/227\/revisions"}],"wp:featuredmedia":[{"embeddable":true,"href":"https:\/\/globalfood.cm\/index.php?rest_route=\/wp\/v2\/media\/228"}],"wp:attachment":[{"href":"https:\/\/globalfood.cm\/index.php?rest_route=%2Fwp%2Fv2%2Fmedia&parent=227"}],"wp:term":[{"taxonomy":"category","embeddable":true,"href":"https:\/\/globalfood.cm\/index.php?rest_route=%2Fwp%2Fv2%2Fcategories&post=227"},{"taxonomy":"post_tag","embeddable":true,"href":"https:\/\/globalfood.cm\/index.php?rest_route=%2Fwp%2Fv2%2Ftags&post=227"}],"curies":[{"name":"wp","href":"https:\/\/api.w.org\/{rel}","templated":true}]}}