{"id":229,"date":"2026-08-06T20:27:51","date_gmt":"2026-08-06T20:27:51","guid":{"rendered":"https:\/\/globalfood.cm\/?p=229"},"modified":"2026-08-06T20:27:51","modified_gmt":"2026-08-06T20:27:51","slug":"securite-alimentaire-en-afrique-la-fao-tire-la-sonnette-dalarme-et-appelle-a-des-reformes-profondes","status":"publish","type":"post","link":"https:\/\/globalfood.cm\/?p=229","title":{"rendered":"S\u00e9curit\u00e9 alimentaire en Afrique : la FAO tire la sonnette d&rsquo;alarme et appelle \u00e0 des r\u00e9formes profondes"},"content":{"rendered":"<p>La situation alimentaire en Afrique reste l&rsquo;une des plus pr\u00e9occupantes au monde. Selon les derni\u00e8res donn\u00e9es publi\u00e9es par l&rsquo;Organisation des Nations Unies pour l&rsquo;alimentation et l&rsquo;agriculture (FAO), pas moins de <strong>309 millions de personnes<\/strong> se trouvent actuellement en \u00e9tat de faim chronique sur le continent africain. Un chiffre vertigineux qui confirme l&rsquo;urgence d&rsquo;une mobilisation internationale coordonn\u00e9e et d&rsquo;une refonte en profondeur des politiques agricoles locales.<\/p>\n<h2>Un tableau alarmant malgr\u00e9 quelques signaux positifs<\/h2>\n<p>Si ces statistiques dressent un portrait sombre de la r\u00e9alit\u00e9 alimentaire africaine, la FAO souligne n\u00e9anmoins que des progr\u00e8s ont \u00e9t\u00e9 enregistr\u00e9s dans certaines r\u00e9gions. Des avanc\u00e9es fragiles, toutefois, qui pourraient \u00eatre remises en question sans un engagement financier soutenu et structur\u00e9. L&rsquo;organisation onusienne insiste sur la n\u00e9cessit\u00e9 de <strong>consolider les acquis<\/strong> par des investissements durables dans le secteur agricole, seul levier capable d&rsquo;inverser la tendance sur le long terme.<\/p>\n<p>La d\u00e9pendance aux aides d&rsquo;urgence et aux financements ponctuels montre en effet ses limites. Pour la FAO, c&rsquo;est bien la transformation syst\u00e9mique de l&rsquo;agriculture africaine qui permettra de s&rsquo;attaquer aux racines du probl\u00e8me, et non des solutions palliatives d\u00e9ploy\u00e9es dans l&rsquo;urgence.<\/p>\n<h2>Financer l&rsquo;agriculture africaine : une r\u00e9forme devenue incontournable<\/h2>\n<p>L&rsquo;un des d\u00e9fis majeurs mis en lumi\u00e8re par les r\u00e9centes publications onusiennes concerne le financement du secteur agricole. Malgr\u00e9 son poids strat\u00e9gique pour les \u00e9conomies du continent, l&rsquo;agriculture africaine reste chroniquement sous-financ\u00e9e, tant par les \u00c9tats eux-m\u00eames que par les bailleurs de fonds internationaux. La FAO et les Nations Unies appellent \u00e0 une r\u00e9forme structurelle des m\u00e9canismes de financement, impliquant :<\/p>\n<ul>\n<li>Une augmentation des budgets nationaux allou\u00e9s \u00e0 l&rsquo;agriculture, conform\u00e9ment aux engagements de Maputo pr\u00e9voyant 10 % des d\u00e9penses publiques pour ce secteur ;<\/li>\n<li>Un meilleur acc\u00e8s des petits exploitants aux cr\u00e9dits agricoles et aux assurances contre les al\u00e9as climatiques ;<\/li>\n<li>Un renforcement des partenariats public-priv\u00e9 pour mobiliser des capitaux \u00e0 grande \u00e9chelle ;<\/li>\n<li>Une adaptation des instruments financiers internationaux aux r\u00e9alit\u00e9s locales du continent.<\/li>\n<\/ul>\n<p>Sans cette r\u00e9forme en profondeur, les efforts d\u00e9ploy\u00e9s sur le terrain risquent de rester insuffisants face \u00e0 l&rsquo;ampleur des besoins.<\/p>\n<h2>Les femmes, piliers invisibles des syst\u00e8mes agroalimentaires<\/h2>\n<p>Un rapport in\u00e9dit de la FAO consacr\u00e9 \u00e0 l&rsquo;Afrique subsaharienne met par ailleurs en lumi\u00e8re le r\u00f4le central \u2014 et souvent sous-estim\u00e9 \u2014 des femmes dans les syst\u00e8mes agroalimentaires r\u00e9gionaux. Cette \u00e9tude compile pour la premi\u00e8re fois des donn\u00e9es d\u00e9taill\u00e9es sur les conditions de travail f\u00e9minines dans le secteur agricole, leur acc\u00e8s \u00e0 la s\u00e9curit\u00e9 alimentaire, leur \u00e9tat nutritionnel et leur bien-\u00eatre g\u00e9n\u00e9ral.<\/p>\n<p>Les conclusions sont r\u00e9v\u00e9latrices : les femmes repr\u00e9sentent une part consid\u00e9rable de la main-d&rsquo;\u0153uvre agricole en Afrique subsaharienne, mais elles restent largement d\u00e9favoris\u00e9es en mati\u00e8re d&rsquo;acc\u00e8s \u00e0 la terre, aux intrants, aux formations et aux revenus. R\u00e9duire ces in\u00e9galit\u00e9s de genre ne constitue pas seulement un imp\u00e9ratif moral \u2014 c&rsquo;est aussi une condition sine qua non pour am\u00e9liorer la productivit\u00e9 agricole globale et la s\u00e9curit\u00e9 alimentaire des m\u00e9nages.<\/p>\n<p>La FAO recommande ainsi de placer l&rsquo;\u00e9galit\u00e9 entre les femmes et les hommes au c\u0153ur des politiques agricoles nationales, en garantissant notamment aux agricultrices un acc\u00e8s \u00e9quitable aux ressources productives et aux filets de protection sociale.<\/p>\n<h2>L&rsquo;Afrique en premi\u00e8re ligne face aux crises mondiales<\/h2>\n<p>Au-del\u00e0 des d\u00e9fis structurels, le continent africain subit de plein fouet les r\u00e9percussions de crises globales qui fragilisent davantage sa s\u00e9curit\u00e9 alimentaire. Les perturbations des cha\u00eenes d&rsquo;approvisionnement mondiales, la volatilit\u00e9 des prix des mati\u00e8res premi\u00e8res agricoles, l&rsquo;intensification des \u00e9v\u00e9nements climatiques extr\u00eames et les tensions g\u00e9opolitiques internationales p\u00e8sent lourdement sur des syst\u00e8mes alimentaires d\u00e9j\u00e0 vuln\u00e9rables.<\/p>\n<p>Face \u00e0 cette convergence de facteurs d\u00e9favorables, la FAO plaide pour une approche int\u00e9gr\u00e9e combinant r\u00e9silience climatique, diversification des productions locales et renforcement des capacit\u00e9s institutionnelles. L&rsquo;objectif est clair : r\u00e9duire la d\u00e9pendance de l&rsquo;Afrique aux importations alimentaires et construire une souverainet\u00e9 alimentaire durable, adapt\u00e9e aux r\u00e9alit\u00e9s et aux ressources du continent.<\/p>\n<h2>Une mobilisation collective et urgente<\/h2>\n<p>Les rapports successifs de la FAO sur l&rsquo;Afrique envoient un message sans \u00e9quivoque : le statu quo n&rsquo;est plus tenable. Atteindre l&rsquo;objectif Faim Z\u00e9ro d&rsquo;ici 2030, tel que d\u00e9fini dans l&rsquo;Agenda des Nations Unies pour le d\u00e9veloppement durable, semble aujourd&rsquo;hui hors de port\u00e9e si des mesures ambitieuses ne sont pas prises d\u00e8s maintenant. Gouvernements africains, institutions internationales, secteur priv\u00e9 et soci\u00e9t\u00e9 civile sont appel\u00e9s \u00e0 conjuguer leurs efforts pour transformer en profondeur les syst\u00e8mes agricoles du continent \u2014 et offrir \u00e0 ses 309 millions d&rsquo;affam\u00e9s une perspective de lendemain meilleur.<\/p>\n","protected":false},"excerpt":{"rendered":"<p>Avec 309 millions de personnes souffrant de faim chronique sur le continent, la FAO multiplie les rapports et les appels \u00e0 l&rsquo;action pour transformer durablement les syst\u00e8mes agroalimentaires africains. Financement, r\u00f4le des femmes et investissements durables sont au c\u0153ur des priorit\u00e9s identifi\u00e9es.<\/p>\n","protected":false},"author":0,"featured_media":230,"comment_status":"open","ping_status":"open","sticky":false,"template":"","format":"standard","meta":{"_jetpack_memberships_contains_paid_content":false,"footnotes":"","jetpack_publicize_message":"","jetpack_publicize_feature_enabled":true,"jetpack_social_post_already_shared":true,"jetpack_social_options":{"image_generator_settings":{"template":"highway","default_image_id":0,"font":"","enabled":false},"version":2}},"categories":[5],"tags":[],"class_list":["post-229","post","type-post","status-publish","format-standard","has-post-thumbnail","hentry","category-sante-nutrition"],"jetpack_publicize_connections":[],"jetpack_featured_media_url":"https:\/\/mlousnbyskx9.i.optimole.com\/w:auto\/h:auto\/q:mauto\/f:best\/https:\/\/globalfood.cm\/wp-content\/uploads\/2026\/08\/acp-aerial-view-of-a-vast-african-agricultur-1786048073.jpg","jetpack_sharing_enabled":true,"_links":{"self":[{"href":"https:\/\/globalfood.cm\/index.php?rest_route=\/wp\/v2\/posts\/229","targetHints":{"allow":["GET"]}}],"collection":[{"href":"https:\/\/globalfood.cm\/index.php?rest_route=\/wp\/v2\/posts"}],"about":[{"href":"https:\/\/globalfood.cm\/index.php?rest_route=\/wp\/v2\/types\/post"}],"replies":[{"embeddable":true,"href":"https:\/\/globalfood.cm\/index.php?rest_route=%2Fwp%2Fv2%2Fcomments&post=229"}],"version-history":[{"count":0,"href":"https:\/\/globalfood.cm\/index.php?rest_route=\/wp\/v2\/posts\/229\/revisions"}],"wp:featuredmedia":[{"embeddable":true,"href":"https:\/\/globalfood.cm\/index.php?rest_route=\/wp\/v2\/media\/230"}],"wp:attachment":[{"href":"https:\/\/globalfood.cm\/index.php?rest_route=%2Fwp%2Fv2%2Fmedia&parent=229"}],"wp:term":[{"taxonomy":"category","embeddable":true,"href":"https:\/\/globalfood.cm\/index.php?rest_route=%2Fwp%2Fv2%2Fcategories&post=229"},{"taxonomy":"post_tag","embeddable":true,"href":"https:\/\/globalfood.cm\/index.php?rest_route=%2Fwp%2Fv2%2Ftags&post=229"}],"curies":[{"name":"wp","href":"https:\/\/api.w.org\/{rel}","templated":true}]}}