{"id":231,"date":"2026-08-06T20:28:27","date_gmt":"2026-08-06T20:28:27","guid":{"rendered":"https:\/\/globalfood.cm\/?p=231"},"modified":"2026-08-06T20:28:27","modified_gmt":"2026-08-06T20:28:27","slug":"pam-entre-intelligence-artificielle-et-alerte-climatique-le-programme-alimentaire-mondial-face-aux-defis-de-la-faim-mondiale","status":"publish","type":"post","link":"https:\/\/globalfood.cm\/?p=231","title":{"rendered":"PAM : entre intelligence artificielle et alerte climatique, le Programme Alimentaire Mondial face aux d\u00e9fis de la faim mondiale"},"content":{"rendered":"<p>\u00c0 l&rsquo;heure o\u00f9 les crises alimentaires se multiplient et s&rsquo;intensifient sous l&rsquo;effet conjugu\u00e9 des conflits, de la pauvret\u00e9 et du d\u00e9r\u00e8glement climatique, le Programme Alimentaire Mondial (PAM) des Nations Unies redouble d&rsquo;efforts pour affiner ses r\u00e9ponses humanitaires. Entre adoption des technologies de pointe et sonnettes d&rsquo;alarme tir\u00e9es face aux bouleversements climatiques, l&rsquo;organisation se trouve aujourd&rsquo;hui \u00e0 un carrefour strat\u00e9gique d\u00e9terminant pour des dizaines de millions de personnes vuln\u00e9rables.<\/p>\n<h2>L&rsquo;intelligence artificielle au service de l&rsquo;anticipation alimentaire en Somalie<\/h2>\n<p>L&rsquo;une des innovations les plus marquantes port\u00e9es r\u00e9cemment par le PAM concerne son d\u00e9ploiement de solutions bas\u00e9es sur l&rsquo;intelligence artificielle en Somalie, un pays r\u00e9guli\u00e8rement frapp\u00e9 par des crises alimentaires s\u00e9v\u00e8res. L&rsquo;enjeu n&rsquo;est plus seulement de r\u00e9agir apr\u00e8s que la faim s&rsquo;est install\u00e9e, mais bien de la pr\u00e9voir avant qu&rsquo;elle ne frappe les populations les plus expos\u00e9es.<\/p>\n<p>Gr\u00e2ce \u00e0 des algorithmes capables d&rsquo;analyser des volumes consid\u00e9rables de donn\u00e9es \u2014 conditions m\u00e9t\u00e9orologiques, fluctuations des prix des denr\u00e9es, indicateurs de d\u00e9placement des populations ou encore donn\u00e9es satellitaires sur les r\u00e9coltes \u2014 le PAM parvient d\u00e9sormais \u00e0 cartographier avec une pr\u00e9cision in\u00e9dite les zones \u00e0 risque. Cette capacit\u00e9 pr\u00e9dictive permet non seulement de mieux cibler l&rsquo;acheminement des aides, mais aussi d&rsquo;optimiser les ressources disponibles, souvent limit\u00e9es face \u00e0 l&rsquo;ampleur des besoins. Un gain d&rsquo;efficacit\u00e9 crucial dans un contexte de financement humanitaire sous tension.<\/p>\n<p>Cette approche illustre une transformation profonde dans la mani\u00e8re dont les organisations internationales con\u00e7oivent l&rsquo;aide alimentaire : passer d&rsquo;une logique r\u00e9active \u00e0 une strat\u00e9gie proactive, o\u00f9 la donn\u00e9e devient un outil de sauvegarde des vies humaines.<\/p>\n<h2>El Ni\u00f1o : une menace climatique aux cons\u00e9quences alimentaires massives<\/h2>\n<p>Sur un autre front, le PAM tire la sonnette d&rsquo;alarme concernant les r\u00e9percussions du ph\u00e9nom\u00e8ne climatique El Ni\u00f1o sur la s\u00e9curit\u00e9 alimentaire mondiale. Selon les projections avanc\u00e9es par l&rsquo;organisation, pr\u00e8s de 49 millions de personnes suppl\u00e9mentaires pourraient se retrouver confront\u00e9es \u00e0 une situation de faim aigu\u00eb d&rsquo;ici la fin de l&rsquo;ann\u00e9e 2027 si les effets de ce ph\u00e9nom\u00e8ne climatique r\u00e9current se confirment dans leur intensit\u00e9 redout\u00e9e.<\/p>\n<p>El Ni\u00f1o, caract\u00e9ris\u00e9 par un r\u00e9chauffement anormal des eaux du Pacifique tropical, engendre des perturbations climatiques en cha\u00eene \u00e0 l&rsquo;\u00e9chelle plan\u00e9taire : s\u00e9cheresses prolong\u00e9es dans certaines r\u00e9gions d&rsquo;Afrique subsaharienne et d&rsquo;Asie du Sud-Est, inondations d\u00e9vastatrices dans d&rsquo;autres zones, effondrement des rendements agricoles, et hausse des prix alimentaires. Les populations d\u00e9j\u00e0 fragilis\u00e9es par la pauvret\u00e9 ou les conflits se trouvent alors doublement expos\u00e9es.<\/p>\n<p>Face \u00e0 ce sc\u00e9nario pr\u00e9occupant, le PAM appelle la communaut\u00e9 internationale \u00e0 renforcer significativement ses contributions financi\u00e8res et logistiques. L&rsquo;organisation insiste sur la n\u00e9cessit\u00e9 d&rsquo;agir en amont plut\u00f4t que de subir le co\u00fbt bien plus \u00e9lev\u00e9 des interventions d&rsquo;urgence une fois les crises d\u00e9clar\u00e9es.<\/p>\n<h2>Le Plan Agriculture M\u00e9diterran\u00e9e : une autre facette de l&rsquo;action du PAM<\/h2>\n<p>Au-del\u00e0 de ses missions d&rsquo;urgence, le sigle PAM renvoie \u00e9galement, dans le contexte fran\u00e7ais et europ\u00e9en, au Plan Agriculture M\u00e9diterran\u00e9e, un dispositif port\u00e9 par le minist\u00e8re de l&rsquo;Agriculture. Ce plan vise \u00e0 accompagner la transition des pratiques agricoles dans les r\u00e9gions m\u00e9diterran\u00e9ennes fran\u00e7aises, particuli\u00e8rement vuln\u00e9rables aux effets du changement climatique \u2014 canicules r\u00e9p\u00e9t\u00e9es, stress hydrique, \u00e9rosion des sols.<\/p>\n<p>Il s&rsquo;agit ici d&rsquo;une d\u00e9marche de long terme destin\u00e9e \u00e0 renforcer la r\u00e9silience des fili\u00e8res agricoles locales, en favorisant l&rsquo;adoption de cultures mieux adapt\u00e9es aux nouvelles conditions climatiques, en soutenant l&rsquo;irrigation raisonn\u00e9e et en promouvant des pratiques agronomiques durables. Une dimension pr\u00e9ventive qui rejoint, dans un tout autre contexte, la philosophie d&rsquo;anticipation d\u00e9fendue par le Programme Alimentaire Mondial \u00e0 l&rsquo;\u00e9chelle internationale.<\/p>\n<h2>Conjuguer urgence et vision long terme<\/h2>\n<p>Ce que r\u00e9v\u00e8le l&rsquo;actualit\u00e9 r\u00e9cente autour du PAM \u2014 qu&rsquo;il s&rsquo;agisse du Programme Alimentaire Mondial ou du Plan Agriculture M\u00e9diterran\u00e9e \u2014 c&rsquo;est la n\u00e9cessit\u00e9 absolue de conjuguer r\u00e9ponse imm\u00e9diate aux crises et planification strat\u00e9gique sur le long terme. L&rsquo;intelligence artificielle, les donn\u00e9es climatiques, les politiques agricoles territoriales : autant d&rsquo;outils qui, bien mobilis\u00e9s, peuvent contribuer \u00e0 r\u00e9duire la vuln\u00e9rabilit\u00e9 alimentaire des populations.<\/p>\n<p>Mais ces outils ne remplaceront jamais la volont\u00e9 politique et les financements n\u00e9cessaires pour les d\u00e9ployer \u00e0 la bonne \u00e9chelle. \u00c0 l&rsquo;heure o\u00f9 49 millions de personnes suppl\u00e9mentaires pourraient basculer dans la faim aigu\u00eb, l&rsquo;urgence d&rsquo;agir collectivement n&rsquo;a jamais \u00e9t\u00e9 aussi criante.<\/p>\n","protected":false},"excerpt":{"rendered":"<p>Le Programme Alimentaire Mondial multiplie les initiatives pour anticiper et combattre l&rsquo;ins\u00e9curit\u00e9 alimentaire, de l&rsquo;usage de l&rsquo;IA en Somalie aux alertes lanc\u00e9es face au ph\u00e9nom\u00e8ne El Ni\u00f1o. Tour d&rsquo;horizon d&rsquo;une organisation plus que jamais mobilis\u00e9e sur le front de la faim dans le monde.<\/p>\n","protected":false},"author":0,"featured_media":232,"comment_status":"open","ping_status":"open","sticky":false,"template":"","format":"standard","meta":{"_jetpack_memberships_contains_paid_content":false,"footnotes":"","jetpack_publicize_message":"","jetpack_publicize_feature_enabled":true,"jetpack_social_post_already_shared":true,"jetpack_social_options":{"image_generator_settings":{"template":"highway","default_image_id":0,"font":"","enabled":false},"version":2}},"categories":[5],"tags":[],"class_list":["post-231","post","type-post","status-publish","format-standard","has-post-thumbnail","hentry","category-sante-nutrition"],"jetpack_publicize_connections":[],"jetpack_featured_media_url":"https:\/\/mlousnbyskx9.i.optimole.com\/w:auto\/h:auto\/q:mauto\/f:best\/https:\/\/globalfood.cm\/wp-content\/uploads\/2026\/08\/acp-a-split-scene-showing-a-humanitarian-aid-1786048118.jpg","jetpack_sharing_enabled":true,"_links":{"self":[{"href":"https:\/\/globalfood.cm\/index.php?rest_route=\/wp\/v2\/posts\/231","targetHints":{"allow":["GET"]}}],"collection":[{"href":"https:\/\/globalfood.cm\/index.php?rest_route=\/wp\/v2\/posts"}],"about":[{"href":"https:\/\/globalfood.cm\/index.php?rest_route=\/wp\/v2\/types\/post"}],"replies":[{"embeddable":true,"href":"https:\/\/globalfood.cm\/index.php?rest_route=%2Fwp%2Fv2%2Fcomments&post=231"}],"version-history":[{"count":0,"href":"https:\/\/globalfood.cm\/index.php?rest_route=\/wp\/v2\/posts\/231\/revisions"}],"wp:featuredmedia":[{"embeddable":true,"href":"https:\/\/globalfood.cm\/index.php?rest_route=\/wp\/v2\/media\/232"}],"wp:attachment":[{"href":"https:\/\/globalfood.cm\/index.php?rest_route=%2Fwp%2Fv2%2Fmedia&parent=231"}],"wp:term":[{"taxonomy":"category","embeddable":true,"href":"https:\/\/globalfood.cm\/index.php?rest_route=%2Fwp%2Fv2%2Fcategories&post=231"},{"taxonomy":"post_tag","embeddable":true,"href":"https:\/\/globalfood.cm\/index.php?rest_route=%2Fwp%2Fv2%2Ftags&post=231"}],"curies":[{"name":"wp","href":"https:\/\/api.w.org\/{rel}","templated":true}]}}