{"id":233,"date":"2026-08-07T08:27:51","date_gmt":"2026-08-07T08:27:51","guid":{"rendered":"https:\/\/globalfood.cm\/?p=233"},"modified":"2026-08-07T08:27:51","modified_gmt":"2026-08-07T08:27:51","slug":"pam-entre-alerte-alimentaire-mondiale-et-enjeux-territoriaux-un-acteur-aux-multiples-visages","status":"publish","type":"post","link":"https:\/\/globalfood.cm\/?p=233","title":{"rendered":"PAM : entre alerte alimentaire mondiale et enjeux territoriaux, un acteur aux multiples visages"},"content":{"rendered":"<p>Derri\u00e8re trois lettres, PAM, se cachent des r\u00e9alit\u00e9s tr\u00e8s diff\u00e9rentes selon que l&rsquo;on parle de la sc\u00e8ne internationale ou du quotidien fran\u00e7ais. Du Programme Alimentaire Mondial aux dispositifs de transport adapt\u00e9 en \u00cele-de-France, en passant par le Plan Agriculture M\u00e9diterran\u00e9e, cet acronyme cristallise des enjeux majeurs \u00e0 plusieurs \u00e9chelles. Tour d&rsquo;horizon d&rsquo;une actualit\u00e9 dense et r\u00e9v\u00e9latrice.<\/p>\n<h2>El Ni\u00f1o : le PAM face \u00e0 une crise alimentaire sans pr\u00e9c\u00e9dent<\/h2>\n<p>L&rsquo;organisation onusienne charg\u00e9e de lutter contre la faim dans le monde vient de lancer une alerte d&rsquo;une gravit\u00e9 exceptionnelle. Selon ses derni\u00e8res projections, le ph\u00e9nom\u00e8ne climatique El Ni\u00f1o pourrait entra\u00eener une aggravation dramatique de l&rsquo;ins\u00e9curit\u00e9 alimentaire \u00e0 l&rsquo;\u00e9chelle plan\u00e9taire, avec pr\u00e8s de 49 millions de personnes suppl\u00e9mentaires expos\u00e9es \u00e0 la faim aigu\u00eb d&rsquo;ici la fin de l&rsquo;ann\u00e9e 2027.<\/p>\n<p>Ce chiffre vertigineux illustre l&rsquo;ampleur des perturbations climatiques que ce ph\u00e9nom\u00e8ne r\u00e9current est capable de g\u00e9n\u00e9rer. El Ni\u00f1o bouleverse les r\u00e9gimes de pr\u00e9cipitations sur l&rsquo;ensemble de la plan\u00e8te : il provoque des s\u00e9cheresses prolong\u00e9es dans certaines r\u00e9gions d&rsquo;Afrique subsaharienne, d&rsquo;Am\u00e9rique latine et d&rsquo;Asie du Sud-Est, tandis qu&rsquo;il d\u00e9clenche des inondations d\u00e9vastatrices ailleurs. Les populations les plus vuln\u00e9rables, d\u00e9j\u00e0 fragilis\u00e9es par des conflits arm\u00e9s, une pauvret\u00e9 structurelle ou des infrastructures agricoles d\u00e9faillantes, se trouvent ainsi doublement expos\u00e9es.<\/p>\n<p>Face \u00e0 cette menace, le Programme Alimentaire Mondial ne reste pas les bras crois\u00e9s. L&rsquo;organisation intensifie ses op\u00e9rations d&rsquo;urgence sur le terrain, mobilise des ressources additionnelles et cherche \u00e0 anticiper les crises avant qu&rsquo;elles n&rsquo;atteignent un stade critique. Cette approche pr\u00e9ventive, fond\u00e9e sur des analyses climatiques et des donn\u00e9es socio-\u00e9conomiques, t\u00e9moigne d&rsquo;une \u00e9volution profonde dans la mani\u00e8re dont les organisations humanitaires envisagent leur mission : passer d&rsquo;une logique de r\u00e9action \u00e0 une logique d&rsquo;anticipation.<\/p>\n<p>Les r\u00e9gions les plus directement menac\u00e9es comprennent des pays qui souffrent d\u00e9j\u00e0 de d\u00e9ficits alimentaires structurels. Dans ces contextes, l&rsquo;aggravation des conditions climatiques peut transformer une situation pr\u00e9caire en catastrophe humanitaire en quelques semaines seulement. La mobilisation internationale reste donc un imp\u00e9ratif absolument non n\u00e9gociable.<\/p>\n<h2>Le Plan Agriculture M\u00e9diterran\u00e9e : une autre vision du PAM<\/h2>\n<p>En France, le minist\u00e8re de l&rsquo;Agriculture a d\u00e9velopp\u00e9 sous ce m\u00eame sigle un dispositif d&rsquo;une toute autre nature. Le Plan Agriculture M\u00e9diterran\u00e9e vise \u00e0 accompagner les exploitations agricoles du sud de la France dans leur adaptation aux contraintes sp\u00e9cifiques de ce territoire : s\u00e9cheresses estivales r\u00e9currentes, risques d&rsquo;incendie, ressources en eau limit\u00e9es et \u00e9volutions climatiques d\u00e9j\u00e0 tr\u00e8s perceptibles dans la r\u00e9gion.<\/p>\n<p>Ce plan s&rsquo;inscrit dans une d\u00e9marche de transition agro\u00e9cologique, en soutenant les agriculteurs m\u00e9diterran\u00e9ens pour qu&rsquo;ils d\u00e9veloppent des pratiques plus r\u00e9silientes. Il s&rsquo;agit notamment de favoriser des cultures mieux adapt\u00e9es aux fortes chaleurs, de rationaliser l&rsquo;usage de l&rsquo;irrigation et de promouvoir des mod\u00e8les agronomiques capables de r\u00e9sister aux al\u00e9as climatiques de plus en plus fr\u00e9quents. Une initiative qui r\u00e9sonne particuli\u00e8rement avec l&rsquo;actualit\u00e9 climatique mondiale.<\/p>\n<h2>PAM en \u00cele-de-France : les trajets des personnes handicap\u00e9es en p\u00e9ril<\/h2>\n<p>\u00c0 une \u00e9chelle beaucoup plus locale mais tout aussi significative sur le plan humain, le service de transport PAM (Pour Aider \u00e0 la Mobilit\u00e9) d&rsquo;\u00cele-de-France se retrouve au c\u0153ur d&rsquo;une controverse pr\u00e9occupante. Selon des informations relay\u00e9es par des associations du secteur du handicap, environ 730 trajets reliant des \u00e9tablissements et services d&rsquo;aide par le travail (ESAT) aux domiciles de leurs usagers seraient actuellement menac\u00e9s.<\/p>\n<p>Ce service de transport adapt\u00e9 repr\u00e9sente bien plus qu&rsquo;une simple commodit\u00e9 pour les personnes en situation de handicap : il conditionne directement leur capacit\u00e9 \u00e0 acc\u00e9der \u00e0 une activit\u00e9 professionnelle, \u00e0 maintenir un lien social et \u00e0 exercer leur autonomie. Toute r\u00e9duction de cette offre constituerait donc un recul significatif en mati\u00e8re d&rsquo;inclusion.<\/p>\n<p>Cette situation met en lumi\u00e8re la fragilit\u00e9 des dispositifs d&rsquo;accompagnement des publics vuln\u00e9rables, souvent soumis \u00e0 des contraintes budg\u00e9taires importantes et \u00e0 des r\u00e9organisations administratives qui peuvent avoir des cons\u00e9quences lourdes sur le quotidien des personnes concern\u00e9es.<\/p>\n<h2>Un acronyme, des r\u00e9alit\u00e9s plurielles<\/h2>\n<p>Qu&rsquo;il s&rsquo;agisse de nourrir des millions d&rsquo;affam\u00e9s sur plusieurs continents, de pr\u00e9parer l&rsquo;agriculture fran\u00e7aise aux d\u00e9fis climatiques ou de garantir la mobilit\u00e9 des personnes handicap\u00e9es en r\u00e9gion parisienne, le PAM sous ses diff\u00e9rentes formes illustre une v\u00e9rit\u00e9 fondamentale : les grandes mutations de notre \u00e9poque, qu&rsquo;elles soient climatiques, sociales ou \u00e9conomiques, exigent des r\u00e9ponses organis\u00e9es, anticip\u00e9es et solidaires. \u00c0 toutes les \u00e9chelles.<\/p>\n","protected":false},"excerpt":{"rendered":"<p>Le Programme Alimentaire Mondial tire la sonnette d&rsquo;alarme face aux effets d\u00e9vastateurs d&rsquo;El Ni\u00f1o, qui pourrait pr\u00e9cipiter 49 millions de personnes suppl\u00e9mentaires dans la faim d&rsquo;ici 2027. Parall\u00e8lement, en France, d&rsquo;autres structures portant le m\u00eame sigle font face \u00e0 leurs propres d\u00e9fis.<\/p>\n","protected":false},"author":0,"featured_media":234,"comment_status":"open","ping_status":"open","sticky":false,"template":"","format":"standard","meta":{"_jetpack_memberships_contains_paid_content":false,"footnotes":"","jetpack_publicize_message":"","jetpack_publicize_feature_enabled":true,"jetpack_social_post_already_shared":true,"jetpack_social_options":{"image_generator_settings":{"template":"highway","default_image_id":0,"font":"","enabled":false},"version":2}},"categories":[5],"tags":[],"class_list":["post-233","post","type-post","status-publish","format-standard","has-post-thumbnail","hentry","category-sante-nutrition"],"jetpack_publicize_connections":[],"jetpack_featured_media_url":"https:\/\/mlousnbyskx9.i.optimole.com\/w:auto\/h:auto\/q:mauto\/f:best\/https:\/\/globalfood.cm\/wp-content\/uploads\/2026\/08\/acp-a-powerful-split-composition-showing-on-1786091274.jpg","jetpack_sharing_enabled":true,"_links":{"self":[{"href":"https:\/\/globalfood.cm\/index.php?rest_route=\/wp\/v2\/posts\/233","targetHints":{"allow":["GET"]}}],"collection":[{"href":"https:\/\/globalfood.cm\/index.php?rest_route=\/wp\/v2\/posts"}],"about":[{"href":"https:\/\/globalfood.cm\/index.php?rest_route=\/wp\/v2\/types\/post"}],"replies":[{"embeddable":true,"href":"https:\/\/globalfood.cm\/index.php?rest_route=%2Fwp%2Fv2%2Fcomments&post=233"}],"version-history":[{"count":0,"href":"https:\/\/globalfood.cm\/index.php?rest_route=\/wp\/v2\/posts\/233\/revisions"}],"wp:featuredmedia":[{"embeddable":true,"href":"https:\/\/globalfood.cm\/index.php?rest_route=\/wp\/v2\/media\/234"}],"wp:attachment":[{"href":"https:\/\/globalfood.cm\/index.php?rest_route=%2Fwp%2Fv2%2Fmedia&parent=233"}],"wp:term":[{"taxonomy":"category","embeddable":true,"href":"https:\/\/globalfood.cm\/index.php?rest_route=%2Fwp%2Fv2%2Fcategories&post=233"},{"taxonomy":"post_tag","embeddable":true,"href":"https:\/\/globalfood.cm\/index.php?rest_route=%2Fwp%2Fv2%2Ftags&post=233"}],"curies":[{"name":"wp","href":"https:\/\/api.w.org\/{rel}","templated":true}]}}