{"id":235,"date":"2026-08-07T08:28:31","date_gmt":"2026-08-07T08:28:31","guid":{"rendered":"https:\/\/globalfood.cm\/?p=235"},"modified":"2026-08-07T08:28:31","modified_gmt":"2026-08-07T08:28:31","slug":"action-contre-la-faim-et-gret-deux-piliers-du-developpement-solidaire-face-aux-defis-humanitaires-mondiaux","status":"publish","type":"post","link":"https:\/\/globalfood.cm\/?p=235","title":{"rendered":"Action Contre la Faim et GRET : deux piliers du d\u00e9veloppement solidaire face aux d\u00e9fis humanitaires mondiaux"},"content":{"rendered":"<p>Alors que la Journ\u00e9e mondiale des ONG rappelle chaque ann\u00e9e l&rsquo;importance cruciale de l&rsquo;aide publique au d\u00e9veloppement (APD) pour la paix internationale et la d\u00e9fense des droits humains, des organisations comme <strong>Action Contre la Faim (ACF)<\/strong> et le <strong>GRET<\/strong> continuent de porter haut les valeurs du d\u00e9veloppement solidaire. Dans un environnement g\u00e9opolitique et financier de plus en plus contraint, leur action de terrain illustre \u00e0 la fois la n\u00e9cessit\u00e9 et la complexit\u00e9 de l&rsquo;engagement humanitaire contemporain.<\/p>\n<h2>Des organisations compl\u00e9mentaires au service des plus vuln\u00e9rables<\/h2>\n<p>Fond\u00e9e en 1979, Action Contre la Faim est aujourd&rsquo;hui l&rsquo;une des ONG fran\u00e7aises les plus reconnues sur la sc\u00e8ne internationale. Sp\u00e9cialis\u00e9e dans la lutte contre la malnutrition et les crises alimentaires, elle intervient dans plus de 50 pays \u00e0 travers des programmes d&rsquo;urgence, mais aussi des projets de d\u00e9veloppement \u00e0 long terme portant sur l&rsquo;eau, l&rsquo;assainissement, la s\u00e9curit\u00e9 alimentaire et la sant\u00e9. Son approche repose sur une conviction fondamentale : la faim n&rsquo;est pas une fatalit\u00e9, mais le r\u00e9sultat de d\u00e9s\u00e9quilibres structurels qui peuvent et doivent \u00eatre corrig\u00e9s.<\/p>\n<p>De son c\u00f4t\u00e9, le <strong>GRET<\/strong> \u2014 Groupe de Recherche et d&rsquo;\u00c9changes Technologiques \u2014 se distingue par une approche davantage orient\u00e9e vers le d\u00e9veloppement durable, l&rsquo;\u00e9conomie solidaire et le renforcement des capacit\u00e9s locales. Fond\u00e9 en 1976, cet organisme associatif travaille \u00e0 l&rsquo;interface entre recherche appliqu\u00e9e et action de terrain, en pla\u00e7ant les communaut\u00e9s au c\u0153ur des solutions qu&rsquo;il accompagne. Agriculture familiale, acc\u00e8s \u00e0 l&rsquo;eau, politiques publiques locales : le GRET construit des partenariats durables avec les acteurs du Sud pour des transformations sociales et \u00e9conomiques p\u00e9rennes.<\/p>\n<h2>Le financement du d\u00e9veloppement solidaire, un enjeu politique majeur<\/h2>\n<p>L&rsquo;efficacit\u00e9 de ces organisations d\u00e9pend en grande partie des m\u00e9canismes de financement de la solidarit\u00e9 internationale. Dans ce domaine, plusieurs voix du secteur associatif s&rsquo;\u00e9l\u00e8vent pour r\u00e9clamer un renforcement de la taxe sur les transactions financi\u00e8res (TTF), un levier fiscal jug\u00e9 essentiel pour abonder les fonds d\u00e9di\u00e9s \u00e0 l&rsquo;aide au d\u00e9veloppement. Cette revendication, port\u00e9e notamment par des coalitions regroupant ACF et d&rsquo;autres ONG membres de Coordination SUD, refl\u00e8te une prise de conscience collective : sans ressources stables et pr\u00e9visibles, les projets de terrain peinent \u00e0 s&rsquo;inscrire dans la dur\u00e9e.<\/p>\n<p>L&rsquo;APD est, en ce sens, bien plus qu&rsquo;un simple transfert financier. Elle constitue un outil strat\u00e9gique de pr\u00e9vention des conflits, de stabilisation des soci\u00e9t\u00e9s fragiles et de promotion des droits humains. R\u00e9duire ces financements, comme certaines tendances budg\u00e9taires nationales semblent l&rsquo;indiquer, reviendrait \u00e0 fragiliser des millions de personnes d\u00e9j\u00e0 vuln\u00e9rables et \u00e0 compromettre des ann\u00e9es d&rsquo;efforts collectifs.<\/p>\n<h2>Des projets concrets sur le terrain : l&rsquo;exemple africain<\/h2>\n<p>Sur le continent africain, les interventions conjuguant urgence humanitaire et d\u00e9veloppement structurel sont particuli\u00e8rement visibles. Au Mali, des projets d&rsquo;envergure comme PROPEL Adapt, dot\u00e9s de plusieurs milliards de francs CFA, visent \u00e0 am\u00e9liorer les conditions sanitaires de millions d&rsquo;habitants. Ces initiatives mobilisent des consortiums d&rsquo;acteurs \u2014 ONG internationales, op\u00e9rateurs de d\u00e9veloppement, autorit\u00e9s locales \u2014 dans une logique de compl\u00e9mentarit\u00e9 que pr\u00f4nent pr\u00e9cis\u00e9ment des organisations comme ACF et le GRET.<\/p>\n<p>\u00c0 Madagascar, les programmes d&rsquo;appui \u00e0 la sant\u00e9 maternelle et infantile donnent \u00e9galement des r\u00e9sultats encourageants, illustrant comment une approche int\u00e9gr\u00e9e \u2014 alliant soins de proximit\u00e9, formation des personnels locaux et sensibilisation communautaire \u2014 peut produire des effets tangibles sur les indicateurs de sant\u00e9 publique. Ces bilans positifs sont le fruit d&rsquo;un travail patient, ancr\u00e9 dans les r\u00e9alit\u00e9s locales, qui constitue la marque de fabrique du d\u00e9veloppement solidaire.<\/p>\n<h2>Mobiliser la soci\u00e9t\u00e9 civile : la culture comme levier de sensibilisation<\/h2>\n<p>Au-del\u00e0 du terrain, la sensibilisation du grand public reste un axe fondamental pour ces organisations. Des \u00e9v\u00e9nements comme les concerts caritatifs organis\u00e9s lors de la F\u00eate de la Musique \u2014 \u00e0 l&rsquo;image de l&rsquo;initiative <em>\u00ab Faites solidaires ! \u00bb<\/em> port\u00e9e dans plusieurs villes fran\u00e7aises \u2014 t\u00e9moignent d&rsquo;une volont\u00e9 de toucher de nouveaux publics et de faire de la solidarit\u00e9 internationale un sujet de soci\u00e9t\u00e9, vivant et partag\u00e9. ACF et ses partenaires l&rsquo;ont bien compris : changer les mentalit\u00e9s est aussi important que changer les politiques.<\/p>\n<h2>Vers un d\u00e9veloppement solidaire renforc\u00e9<\/h2>\n<p>Face \u00e0 l&rsquo;ampleur des d\u00e9fis \u2014 changement climatique, ins\u00e9curit\u00e9 alimentaire chronique, fragilit\u00e9 des \u00c9tats \u2014, la compl\u00e9mentarit\u00e9 entre des organisations comme Action Contre la Faim et le GRET s&rsquo;av\u00e8re plus que jamais pr\u00e9cieuse. L&rsquo;une apporte la r\u00e9activit\u00e9 et l&rsquo;expertise en nutrition et s\u00e9curit\u00e9 alimentaire d&rsquo;urgence ; l&rsquo;autre, la profondeur analytique et l&rsquo;ancrage institutionnel n\u00e9cessaires aux transformations de long terme. Ensemble, elles incarnent une vision du d\u00e9veloppement solidaire qui refuse l&rsquo;opposition entre urgence et durabilit\u00e9, entre aide ext\u00e9rieure et autonomisation locale.<\/p>\n<p>Dans un monde qui tarde \u00e0 tenir ses promesses climatiques et d\u00e9veloppementales, leur engagement commun reste une boussole essentielle pour ne laisser personne de c\u00f4t\u00e9.<\/p>\n","protected":false},"excerpt":{"rendered":"<p>Dans un contexte international marqu\u00e9 par des crises alimentaires et sanitaires persistantes, Action Contre la Faim et le GRET s&rsquo;imposent comme des acteurs incontournables du d\u00e9veloppement solidaire. Retour sur les enjeux, les synergies et les d\u00e9fis qui fa\u00e7onnent l&rsquo;engagement de ces organisations au service des populations vuln\u00e9rables.<\/p>\n","protected":false},"author":0,"featured_media":236,"comment_status":"open","ping_status":"open","sticky":false,"template":"","format":"standard","meta":{"_jetpack_memberships_contains_paid_content":false,"footnotes":"","jetpack_publicize_message":"","jetpack_publicize_feature_enabled":true,"jetpack_social_post_already_shared":true,"jetpack_social_options":{"image_generator_settings":{"template":"highway","default_image_id":0,"font":"","enabled":false},"version":2}},"categories":[5],"tags":[],"class_list":["post-235","post","type-post","status-publish","format-standard","has-post-thumbnail","hentry","category-sante-nutrition"],"jetpack_publicize_connections":[],"jetpack_featured_media_url":"https:\/\/mlousnbyskx9.i.optimole.com\/w:auto\/h:auto\/q:mauto\/f:best\/https:\/\/globalfood.cm\/wp-content\/uploads\/2026\/08\/acp-a-warm-and-hopeful-scene-in-a-rural-afri-1786091318.jpg","jetpack_sharing_enabled":true,"_links":{"self":[{"href":"https:\/\/globalfood.cm\/index.php?rest_route=\/wp\/v2\/posts\/235","targetHints":{"allow":["GET"]}}],"collection":[{"href":"https:\/\/globalfood.cm\/index.php?rest_route=\/wp\/v2\/posts"}],"about":[{"href":"https:\/\/globalfood.cm\/index.php?rest_route=\/wp\/v2\/types\/post"}],"replies":[{"embeddable":true,"href":"https:\/\/globalfood.cm\/index.php?rest_route=%2Fwp%2Fv2%2Fcomments&post=235"}],"version-history":[{"count":0,"href":"https:\/\/globalfood.cm\/index.php?rest_route=\/wp\/v2\/posts\/235\/revisions"}],"wp:featuredmedia":[{"embeddable":true,"href":"https:\/\/globalfood.cm\/index.php?rest_route=\/wp\/v2\/media\/236"}],"wp:attachment":[{"href":"https:\/\/globalfood.cm\/index.php?rest_route=%2Fwp%2Fv2%2Fmedia&parent=235"}],"wp:term":[{"taxonomy":"category","embeddable":true,"href":"https:\/\/globalfood.cm\/index.php?rest_route=%2Fwp%2Fv2%2Fcategories&post=235"},{"taxonomy":"post_tag","embeddable":true,"href":"https:\/\/globalfood.cm\/index.php?rest_route=%2Fwp%2Fv2%2Ftags&post=235"}],"curies":[{"name":"wp","href":"https:\/\/api.w.org\/{rel}","templated":true}]}}