{"id":237,"date":"2026-08-07T20:27:34","date_gmt":"2026-08-07T20:27:34","guid":{"rendered":"https:\/\/globalfood.cm\/?p=237"},"modified":"2026-08-07T20:27:34","modified_gmt":"2026-08-07T20:27:34","slug":"action-contre-la-faim-et-le-gret-deux-piliers-du-developpement-solidaire-face-aux-defis-humanitaires-mondiaux","status":"publish","type":"post","link":"https:\/\/globalfood.cm\/?p=237","title":{"rendered":"Action Contre la Faim et le GRET : deux piliers du d\u00e9veloppement solidaire face aux d\u00e9fis humanitaires mondiaux"},"content":{"rendered":"<p>\u00c0 l&rsquo;heure o\u00f9 les budgets allou\u00e9s \u00e0 l&rsquo;aide publique au d\u00e9veloppement (APD) font l&rsquo;objet de d\u00e9bats intenses dans les capitales occidentales, les organisations non gouvernementales sp\u00e9cialis\u00e9es dans la solidarit\u00e9 internationale maintiennent le cap. Parmi elles, Action Contre la Faim (ACF) et le GRET incarnent deux approches compl\u00e9mentaires d&rsquo;un m\u00eame id\u00e9al : agir durablement pour r\u00e9duire les in\u00e9galit\u00e9s et am\u00e9liorer les conditions de vie des populations fragilis\u00e9es \u00e0 travers le monde.<\/p>\n<h2>L&rsquo;APD, nerf de la guerre humanitaire<\/h2>\n<p>La Journ\u00e9e mondiale des ONG a \u00e9t\u00e9 l&rsquo;occasion pour de nombreuses organisations de rappeler une r\u00e9alit\u00e9 souvent m\u00e9connue du grand public : l&rsquo;aide publique au d\u00e9veloppement n&rsquo;est pas une d\u00e9pense optionnelle. Elle constitue un levier essentiel pour la stabilit\u00e9 internationale, la pr\u00e9vention des conflits et la d\u00e9fense des droits humains. Sans ce financement structurant, des programmes vitaux en mati\u00e8re d&rsquo;alimentation, de sant\u00e9 ou d&rsquo;acc\u00e8s \u00e0 l&rsquo;eau seraient tout simplement impossibles \u00e0 maintenir sur le terrain.<\/p>\n<p>Cette prise de conscience a conduit plusieurs collectifs d&rsquo;ONG, r\u00e9unis au sein de plateformes comme Coordination SUD, \u00e0 r\u00e9clamer des m\u00e9canismes de financement innovants et p\u00e9rennes. Parmi les pistes avanc\u00e9es figure le renforcement de la taxe sur les transactions financi\u00e8res, un outil fiscal qui permettrait de d\u00e9gager des ressources suppl\u00e9mentaires d\u00e9di\u00e9es \u00e0 la solidarit\u00e9 internationale sans peser sur les contribuables les plus modestes.<\/p>\n<h2>Action Contre la Faim : mobiliser au-del\u00e0 de l&rsquo;urgence<\/h2>\n<p>Fond\u00e9e en 1979, Action Contre la Faim s&rsquo;est impos\u00e9e comme l&rsquo;une des r\u00e9f\u00e9rences mondiales dans la lutte contre la malnutrition et l&rsquo;ins\u00e9curit\u00e9 alimentaire. L&rsquo;organisation intervient dans des contextes aussi vari\u00e9s que complexes : zones de conflit, r\u00e9gions touch\u00e9es par des catastrophes climatiques, territoires enclav\u00e9s o\u00f9 l&rsquo;acc\u00e8s aux soins et \u00e0 la nourriture reste un combat quotidien.<\/p>\n<p>Mais ACF ne se limite pas aux interventions d&rsquo;urgence. Elle d\u00e9ploie \u00e9galement des projets de d\u00e9veloppement \u00e0 long terme visant \u00e0 renforcer la r\u00e9silience des communaut\u00e9s locales. La sensibilisation du grand public fait aussi partie de sa strat\u00e9gie : \u00e0 titre d&rsquo;exemple, des initiatives comme des concerts solidaires lors de la F\u00eate de la Musique permettent de cr\u00e9er du lien entre les citoyens et les enjeux humanitaires, tout en levant des fonds pour des actions concr\u00e8tes sur le terrain.<\/p>\n<h2>Le GRET : expertise technique au service des plus fragiles<\/h2>\n<p>Fond\u00e9 en 1976, le GRET (Groupe de Recherche et d&rsquo;\u00c9changes Technologiques) adopte une d\u00e9marche diff\u00e9rente mais tout aussi engag\u00e9e. Sp\u00e9cialiste du d\u00e9veloppement par l&rsquo;innovation et le transfert de comp\u00e9tences, cet organisme travaille aux c\u00f4t\u00e9s des acteurs locaux pour construire des solutions adapt\u00e9es aux r\u00e9alit\u00e9s de chaque territoire.<\/p>\n<p>Le GRET est particuli\u00e8rement actif dans des domaines comme la sant\u00e9 maternelle et infantile, l&rsquo;agriculture durable ou encore les politiques alimentaires. \u00c0 Madagascar, par exemple, un projet d&rsquo;appui \u00e0 la sant\u00e9 des m\u00e8res et des enfants men\u00e9 en partenariat avec plusieurs institutions a r\u00e9cemment fait l&rsquo;objet d&rsquo;un bilan positif, soulignant l&rsquo;efficacit\u00e9 d&rsquo;une approche centr\u00e9e sur le renforcement des capacit\u00e9s locales plut\u00f4t que sur la simple assistance externe.<\/p>\n<h2>Des projets d&rsquo;envergure pour des millions de b\u00e9n\u00e9ficiaires<\/h2>\n<p>L&rsquo;ampleur des besoins reste consid\u00e9rable. En Afrique de l&rsquo;Ouest, des projets ambitieux illustrent la capacit\u00e9 des ONG \u00e0 mobiliser des ressources importantes pour des r\u00e9sultats tangibles. Au Mali, le programme PROPEL Adapt, dot\u00e9 d&rsquo;un budget d\u00e9passant les 9 milliards de francs CFA, ambitionne d&rsquo;am\u00e9liorer les conditions sanitaires de plusieurs millions d&rsquo;habitants en agissant simultan\u00e9ment sur les infrastructures de sant\u00e9, la formation des agents communautaires et l&rsquo;adaptation aux changements climatiques.<\/p>\n<p>Ce type d&rsquo;initiative, souvent co-financ\u00e9 par des bailleurs institutionnels et des ONG comme ACF ou le GRET, d\u00e9montre que le d\u00e9veloppement solidaire gagne en efficacit\u00e9 lorsqu&rsquo;il repose sur des partenariats solides entre acteurs publics, soci\u00e9t\u00e9 civile et communaut\u00e9s locales.<\/p>\n<h2>Un mod\u00e8le sous pression, mais r\u00e9silient<\/h2>\n<p>Malgr\u00e9 leurs succ\u00e8s, ces organisations font face \u00e0 des vents contraires. La r\u00e9duction des budgets d&rsquo;APD dans plusieurs pays donateurs, la mont\u00e9e des discours souverainistes et la concurrence accrue pour l&rsquo;acc\u00e8s aux financements fragilisent un secteur pourtant indispensable. ACF, le GRET et leurs homologues appellent donc \u00e0 une prise de conscience collective : investir dans la solidarit\u00e9 internationale, c&rsquo;est investir dans la paix, la stabilit\u00e9 et la prosp\u00e9rit\u00e9 partag\u00e9e.<\/p>\n<p>Face \u00e0 ces d\u00e9fis, leur engagement sur le terrain reste intact. Et c&rsquo;est pr\u00e9cis\u00e9ment cette capacit\u00e9 \u00e0 continuer d&rsquo;agir malgr\u00e9 les obstacles qui fait la force du d\u00e9veloppement solidaire.<\/p>\n","protected":false},"excerpt":{"rendered":"<p>Dans un contexte de pressions croissantes sur les financements internationaux, des organisations comme Action Contre la Faim et le GRET continuent de porter des projets concrets au service des populations les plus vuln\u00e9rables. Retour sur l&rsquo;engagement ind\u00e9fectible de ces acteurs du d\u00e9veloppement solidaire.<\/p>\n","protected":false},"author":0,"featured_media":238,"comment_status":"open","ping_status":"open","sticky":false,"template":"","format":"standard","meta":{"_jetpack_memberships_contains_paid_content":false,"footnotes":"","jetpack_publicize_message":"","jetpack_publicize_feature_enabled":true,"jetpack_social_post_already_shared":true,"jetpack_social_options":{"image_generator_settings":{"template":"highway","default_image_id":0,"font":"","enabled":false},"version":2}},"categories":[5],"tags":[],"class_list":["post-237","post","type-post","status-publish","format-standard","has-post-thumbnail","hentry","category-sante-nutrition"],"jetpack_publicize_connections":[],"jetpack_featured_media_url":"https:\/\/mlousnbyskx9.i.optimole.com\/w:auto\/h:auto\/q:mauto\/f:best\/https:\/\/globalfood.cm\/wp-content\/uploads\/2026\/08\/acp-a-diverse-group-of-humanitarian-aid-work-1786134458.jpg","jetpack_sharing_enabled":true,"_links":{"self":[{"href":"https:\/\/globalfood.cm\/index.php?rest_route=\/wp\/v2\/posts\/237","targetHints":{"allow":["GET"]}}],"collection":[{"href":"https:\/\/globalfood.cm\/index.php?rest_route=\/wp\/v2\/posts"}],"about":[{"href":"https:\/\/globalfood.cm\/index.php?rest_route=\/wp\/v2\/types\/post"}],"replies":[{"embeddable":true,"href":"https:\/\/globalfood.cm\/index.php?rest_route=%2Fwp%2Fv2%2Fcomments&post=237"}],"version-history":[{"count":0,"href":"https:\/\/globalfood.cm\/index.php?rest_route=\/wp\/v2\/posts\/237\/revisions"}],"wp:featuredmedia":[{"embeddable":true,"href":"https:\/\/globalfood.cm\/index.php?rest_route=\/wp\/v2\/media\/238"}],"wp:attachment":[{"href":"https:\/\/globalfood.cm\/index.php?rest_route=%2Fwp%2Fv2%2Fmedia&parent=237"}],"wp:term":[{"taxonomy":"category","embeddable":true,"href":"https:\/\/globalfood.cm\/index.php?rest_route=%2Fwp%2Fv2%2Fcategories&post=237"},{"taxonomy":"post_tag","embeddable":true,"href":"https:\/\/globalfood.cm\/index.php?rest_route=%2Fwp%2Fv2%2Ftags&post=237"}],"curies":[{"name":"wp","href":"https:\/\/api.w.org\/{rel}","templated":true}]}}