{"id":244,"date":"2026-08-11T10:32:19","date_gmt":"2026-08-11T10:32:19","guid":{"rendered":"https:\/\/globalfood.cm\/?p=244"},"modified":"2026-08-11T10:32:19","modified_gmt":"2026-08-11T10:32:19","slug":"securite-alimentaire-et-nutritionnelle-entre-mobilisation-mondiale-et-urgences-persistantes","status":"publish","type":"post","link":"https:\/\/globalfood.cm\/?p=244","title":{"rendered":"S\u00e9curit\u00e9 alimentaire et nutritionnelle : entre mobilisation mondiale et urgences persistantes"},"content":{"rendered":"<p>\u00c0 l&rsquo;heure o\u00f9 les crises g\u00e9opolitiques, les d\u00e9r\u00e8glements climatiques et les tensions \u00e9conomiques se multiplient, la question de l&rsquo;acc\u00e8s \u00e0 une alimentation suffisante et de qualit\u00e9 s&rsquo;impose comme une priorit\u00e9 absolue sur l&rsquo;agenda international. Tour d&rsquo;horizon d&rsquo;une probl\u00e9matique aux multiples visages, entre engagements diplomatiques, urgences humanitaires et strat\u00e9gies de d\u00e9veloppement \u00e0 long terme.<\/p>\n<h2>La France renforce son engagement dans la lutte contre la faim<\/h2>\n<p>Sur le plan diplomatique, la France a franchi un cap significatif en structurant une initiative d\u00e9di\u00e9e \u00e0 la s\u00e9curit\u00e9 alimentaire et \u00e0 la nutrition \u00e0 l&rsquo;\u00e9chelle mondiale. Cette d\u00e9marche s&rsquo;inscrit dans une vision de solidarit\u00e9 internationale, avec pour ambition de peser concr\u00e8tement sur la r\u00e9duction de la faim dans les pays les plus vuln\u00e9rables. En mobilisant ses leviers diplomatiques et ses capacit\u00e9s d&rsquo;aide au d\u00e9veloppement, Paris entend contribuer \u00e0 b\u00e2tir un syst\u00e8me alimentaire mondial plus \u00e9quitable et plus r\u00e9silient. Cette initiative t\u00e9moigne d&rsquo;une prise de conscience accrue : la faim n&rsquo;est pas une fatalit\u00e9, mais le r\u00e9sultat de d\u00e9s\u00e9quilibres structurels qu&rsquo;une volont\u00e9 politique coordonn\u00e9e peut contribuer \u00e0 corriger.<\/p>\n<h2>Le S\u00e9n\u00e9gal anticipe la p\u00e9riode de soudure<\/h2>\n<p>En Afrique de l&rsquo;Ouest, le gouvernement s\u00e9n\u00e9galais a r\u00e9uni ses ministres autour d&rsquo;une concertation strat\u00e9gique consacr\u00e9e \u00e0 la gestion de la p\u00e9riode de soudure \u2014 cette phase critique entre deux r\u00e9coltes o\u00f9 les stocks s&rsquo;amenuisent et o\u00f9 les populations rurales sont les plus expos\u00e9es \u00e0 l&rsquo;ins\u00e9curit\u00e9 alimentaire. Cette r\u00e9union interminist\u00e9rielle illustre une approche proactive et coordonn\u00e9e, reconnaissant que la pr\u00e9vention vaut mieux que la r\u00e9ponse d&rsquo;urgence. La mise en place d&rsquo;une gouvernance alimentaire nationale efficace constitue, dans ce contexte, un pilier indispensable pour prot\u00e9ger les m\u00e9nages les plus fragiles.<\/p>\n<h2>Gaza : une crise nutritionnelle aigu\u00eb malgr\u00e9 des avanc\u00e9es timides<\/h2>\n<p>Le rapport de la FAO sur la situation \u00e0 Gaza dresse un bilan pr\u00e9occupant : si une l\u00e9g\u00e8re am\u00e9lioration a pu \u00eatre observ\u00e9e gr\u00e2ce \u00e0 un renforcement de l&rsquo;aide humanitaire et \u00e0 une reprise partielle des flux commerciaux, les crises alimentaires et nutritionnelles \u2014 notamment chez les enfants \u2014 demeurent d&rsquo;une gravit\u00e9 alarmante. La malnutrition infantile, dans un contexte de conflit prolong\u00e9, engendre des cons\u00e9quences irr\u00e9versibles sur le d\u00e9veloppement physique et cognitif des plus jeunes. La situation gazaouie rappelle avec force que la guerre est l&rsquo;une des principales causes de l&rsquo;ins\u00e9curit\u00e9 alimentaire, et que les populations civiles en paient le prix le plus lourd.<\/p>\n<h2>Somalie : quand les financements font d\u00e9faut, les vies sont en jeu<\/h2>\n<p>En Somalie, l&rsquo;alerte lanc\u00e9e par les Nations Unies est sans \u00e9quivoque : le manque de financement menace directement la continuit\u00e9 des programmes d&rsquo;aide alimentaire dans un pays r\u00e9guli\u00e8rement frapp\u00e9 par des s\u00e9cheresses et des conflits arm\u00e9s. Cette situation met en lumi\u00e8re une r\u00e9alit\u00e9 douloureuse : les engagements politiques et les promesses de fonds ne se transforment pas toujours en ressources concr\u00e8tes sur le terrain. Lorsque les financements se tarissent, ce sont des distributions alimentaires qui s&rsquo;interrompent, des familles qui basculent dans la famine et des enfants qui souffrent de malnutrition s\u00e9v\u00e8re. Le financement de l&rsquo;aide humanitaire alimentaire ne peut pas \u00eatre trait\u00e9 comme une variable d&rsquo;ajustement budg\u00e9taire.<\/p>\n<h2>MENA, Afghanistan, Pakistan : des investissements cibl\u00e9s pour changer la donne<\/h2>\n<p>La Banque mondiale souligne, dans une r\u00e9cente analyse portant sur le Moyen-Orient, l&rsquo;Afrique du Nord, l&rsquo;Afghanistan et le Pakistan, que des politiques publiques bien calibr\u00e9es combin\u00e9es \u00e0 des investissements strat\u00e9giques dans les secteurs agricoles et alimentaires peuvent produire des effets transformateurs. Non seulement ces leviers sont capables d&rsquo;am\u00e9liorer substantiellement la s\u00e9curit\u00e9 alimentaire et la qualit\u00e9 nutritionnelle des populations, mais ils peuvent \u00e9galement g\u00e9n\u00e9rer des millions d&#8217;emplois, contribuant ainsi \u00e0 la stabilit\u00e9 \u00e9conomique et sociale de r\u00e9gions souvent fragilis\u00e9es. Cette approche holistique \u2014 qui lie alimentation, nutrition et emploi \u2014 repr\u00e9sente un mod\u00e8le de d\u00e9veloppement int\u00e9gr\u00e9 particuli\u00e8rement pertinent pour les zones en transition.<\/p>\n<h2>Des d\u00e9fis syst\u00e9miques qui appellent une r\u00e9ponse collective<\/h2>\n<p>Ce tour du monde des enjeux alimentaires et nutritionnels met en \u00e9vidence plusieurs constantes :<\/p>\n<ul>\n<li>Les conflits arm\u00e9s restent le principal vecteur d&rsquo;ins\u00e9curit\u00e9 alimentaire aigu\u00eb.<\/li>\n<li>Le sous-financement chronique de l&rsquo;aide humanitaire fragilise les r\u00e9ponses d&rsquo;urgence.<\/li>\n<li>Les approches pr\u00e9ventives et les investissements structurels \u00e0 long terme sont plus efficaces que les seules interventions d&rsquo;urgence.<\/li>\n<li>La gouvernance alimentaire nationale joue un r\u00f4le d\u00e9terminant dans la protection des populations vuln\u00e9rables.<\/li>\n<\/ul>\n<p>Face \u00e0 l&rsquo;ampleur du d\u00e9fi \u2014 pr\u00e8s de 750 millions de personnes confront\u00e9es \u00e0 la faim dans le monde selon les estimations r\u00e9centes des agences onusiennes \u2014 la mobilisation internationale doit se traduire par des actes concrets, des financements p\u00e9rennes et une coordination renforc\u00e9e entre acteurs publics, humanitaires et priv\u00e9s. La s\u00e9curit\u00e9 alimentaire et nutritionnelle n&rsquo;est pas seulement une question humanitaire : c&rsquo;est un fondement essentiel de la paix et du d\u00e9veloppement durable.<\/p>\n","protected":false},"excerpt":{"rendered":"<p>La s\u00e9curit\u00e9 alimentaire et nutritionnelle reste l&rsquo;un des d\u00e9fis les plus critiques de notre \u00e9poque, mobilisant gouvernements, organisations internationales et institutions financi\u00e8res. Des zones de conflit aux r\u00e9gions en d\u00e9veloppement, le tableau mondial r\u00e9v\u00e8le des in\u00e9galit\u00e9s profondes et une course contre la montre.<\/p>\n","protected":false},"author":0,"featured_media":245,"comment_status":"open","ping_status":"open","sticky":false,"template":"","format":"standard","meta":{"_jetpack_memberships_contains_paid_content":false,"footnotes":"","jetpack_publicize_message":"","jetpack_publicize_feature_enabled":true,"jetpack_social_post_already_shared":true,"jetpack_social_options":{"image_generator_settings":{"template":"highway","default_image_id":0,"font":"","enabled":false},"version":2}},"categories":[1],"tags":[],"class_list":["post-244","post","type-post","status-publish","format-standard","has-post-thumbnail","hentry","category-actu-innovation"],"jetpack_publicize_connections":[],"jetpack_featured_media_url":"https:\/\/mlousnbyskx9.i.optimole.com\/w:auto\/h:auto\/q:mauto\/f:best\/https:\/\/globalfood.cm\/wp-content\/uploads\/2026\/08\/acp-a-split-wide-angle-photographic-composit-1786444343.jpg","jetpack_sharing_enabled":true,"_links":{"self":[{"href":"https:\/\/globalfood.cm\/index.php?rest_route=\/wp\/v2\/posts\/244","targetHints":{"allow":["GET"]}}],"collection":[{"href":"https:\/\/globalfood.cm\/index.php?rest_route=\/wp\/v2\/posts"}],"about":[{"href":"https:\/\/globalfood.cm\/index.php?rest_route=\/wp\/v2\/types\/post"}],"replies":[{"embeddable":true,"href":"https:\/\/globalfood.cm\/index.php?rest_route=%2Fwp%2Fv2%2Fcomments&post=244"}],"version-history":[{"count":0,"href":"https:\/\/globalfood.cm\/index.php?rest_route=\/wp\/v2\/posts\/244\/revisions"}],"wp:featuredmedia":[{"embeddable":true,"href":"https:\/\/globalfood.cm\/index.php?rest_route=\/wp\/v2\/media\/245"}],"wp:attachment":[{"href":"https:\/\/globalfood.cm\/index.php?rest_route=%2Fwp%2Fv2%2Fmedia&parent=244"}],"wp:term":[{"taxonomy":"category","embeddable":true,"href":"https:\/\/globalfood.cm\/index.php?rest_route=%2Fwp%2Fv2%2Fcategories&post=244"},{"taxonomy":"post_tag","embeddable":true,"href":"https:\/\/globalfood.cm\/index.php?rest_route=%2Fwp%2Fv2%2Ftags&post=244"}],"curies":[{"name":"wp","href":"https:\/\/api.w.org\/{rel}","templated":true}]}}