{"id":250,"date":"2026-08-12T09:47:13","date_gmt":"2026-08-12T09:47:13","guid":{"rendered":"https:\/\/globalfood.cm\/?p=250"},"modified":"2026-08-12T09:47:13","modified_gmt":"2026-08-12T09:47:13","slug":"avsf-une-ong-au-coeur-des-defis-agricoles-et-veterinaires-des-pays-du-sud","status":"publish","type":"post","link":"https:\/\/globalfood.cm\/?p=250","title":{"rendered":"AVSF : une ONG au c\u0153ur des d\u00e9fis agricoles et v\u00e9t\u00e9rinaires des pays du Sud"},"content":{"rendered":"<p>Dans un contexte mondial o\u00f9 les syst\u00e8mes alimentaires sont de plus en plus questionn\u00e9s, Agronomes et V\u00e9t\u00e9rinaires Sans Fronti\u00e8res (AVSF) poursuit son action de terrain avec une constance remarquable. Cette organisation non gouvernementale fran\u00e7aise, sp\u00e9cialis\u00e9e dans le soutien aux agricultures paysannes des pays du Sud, s&rsquo;illustre aujourd&rsquo;hui \u00e0 travers plusieurs actualit\u00e9s significatives qui t\u00e9moignent de son dynamisme et de la pertinence de ses missions.<\/p>\n<h2>Une gouvernance exemplaire r\u00e9compens\u00e9e pour la quatri\u00e8me fois<\/h2>\n<p>La cr\u00e9dibilit\u00e9 d&rsquo;une ONG repose en grande partie sur la transparence de sa gestion et la rigueur de ses pratiques internes. De ce point de vue, AVSF vient de franchir une nouvelle \u00e9tape symbolique en obtenant, pour la quatri\u00e8me fois cons\u00e9cutive, le Label IDEAS. Cette certification, d\u00e9livr\u00e9e par un comit\u00e9 ind\u00e9pendant, \u00e9value la gouvernance, la gestion financi\u00e8re et l&rsquo;efficacit\u00e9 des organisations \u00e0 but non lucratif selon des crit\u00e8res stricts et exigeants.<\/p>\n<p>Obtenir cette distinction \u00e0 quatre reprises n&rsquo;est pas anodin : cela d\u00e9montre une capacit\u00e9 durable \u00e0 maintenir des standards \u00e9lev\u00e9s d&rsquo;organisation interne, \u00e0 rendre des comptes \u00e0 ses donateurs et partenaires, et \u00e0 garantir que les ressources collect\u00e9es sont bien orient\u00e9es vers les b\u00e9n\u00e9ficiaires sur le terrain. Pour les organisations de la solidarit\u00e9 internationale, ce type de reconnaissance constitue un gage de confiance pr\u00e9cieux aupr\u00e8s du grand public comme des financeurs institutionnels.<\/p>\n<h2>Un partenariat renforc\u00e9 avec le Cirad pour le d\u00e9veloppement rural durable<\/h2>\n<p>L&rsquo;une des actualit\u00e9s majeures pour AVSF concerne le renforcement de sa collaboration avec le Centre de coop\u00e9ration internationale en recherche agronomique pour le d\u00e9veloppement (Cirad). Les deux entit\u00e9s ont officialis\u00e9 leur engagement commun en faveur du d\u00e9veloppement rural durable dans les pays du Sud, combinant ainsi expertise scientifique de haut niveau et exp\u00e9rience de terrain \u00e9prouv\u00e9e.<\/p>\n<p>Ce partenariat est particuli\u00e8rement strat\u00e9gique. D&rsquo;un c\u00f4t\u00e9, le Cirad apporte une capacit\u00e9 de recherche agronomique reconnue internationalement. De l&rsquo;autre, AVSF dispose d&rsquo;un r\u00e9seau dense d&rsquo;interventions locales, au plus pr\u00e8s des communaut\u00e9s paysannes. La compl\u00e9mentarit\u00e9 entre ces deux approches \u2014 la science et le terrain \u2014 peut produire des r\u00e9sultats concrets et durables pour les populations rurales vuln\u00e9rables, notamment en mati\u00e8re d&rsquo;adaptation aux changements climatiques, de souverainet\u00e9 alimentaire et de pratiques agro\u00e9cologiques.<\/p>\n<h2>Le Prix Beno\u00eet Maria : valoriser l&rsquo;agro\u00e9cologie paysanne<\/h2>\n<p>Dans la continuit\u00e9 de ses valeurs fondatrices, AVSF a lanc\u00e9 la premi\u00e8re \u00e9dition du Prix Beno\u00eet Maria, d\u00e9di\u00e9 \u00e0 l&rsquo;agro\u00e9cologie paysanne. Cette initiative honore la m\u00e9moire d&rsquo;un acteur engag\u00e9 tout en mettant en lumi\u00e8re des pratiques agricoles qui placent les agriculteurs et la nature au centre des solutions.<\/p>\n<p>L&rsquo;agro\u00e9cologie repr\u00e9sente bien plus qu&rsquo;une m\u00e9thode de culture : c&rsquo;est une philosophie qui r\u00e9concilie productivit\u00e9 agricole et pr\u00e9servation des \u00e9cosyst\u00e8mes. En cr\u00e9ant ce prix, AVSF entend encourager et valoriser les initiatives paysannes qui d\u00e9montrent, souvent avec des moyens limit\u00e9s, qu&rsquo;il est possible de nourrir des communaut\u00e9s tout en r\u00e9g\u00e9n\u00e9rant les sols, en pr\u00e9servant la biodiversit\u00e9 et en r\u00e9duisant la d\u00e9pendance aux intrants chimiques. Ce signal fort s&rsquo;inscrit dans un d\u00e9bat mondial urgent sur la n\u00e9cessaire transformation de nos mod\u00e8les agricoles.<\/p>\n<h2>Des actions concr\u00e8tes sur le terrain, de l&rsquo;Afrique \u00e0 l&rsquo;Am\u00e9rique latine<\/h2>\n<p>Au-del\u00e0 des partenariats institutionnels et des r\u00e9compenses, l&rsquo;ADN d&rsquo;AVSF reste ancr\u00e9 dans l&rsquo;action locale. L&rsquo;organisation intervient dans de nombreux pays, accompagnant des \u00e9leveurs, des agriculteurs familiaux et des communaut\u00e9s rurales dans le d\u00e9veloppement de pratiques durables. \u00c0 titre d&rsquo;exemple, au S\u00e9n\u00e9gal, dans la r\u00e9gion de Matam, des initiatives autour de l&rsquo;\u00e9levage et des productions animales illustrent concr\u00e8tement comment un soutien technique adapt\u00e9 peut transformer les conditions de vie des populations rurales.<\/p>\n<p>Ces interventions de terrain s&rsquo;appuient sur une conviction centrale port\u00e9e par AVSF : l&rsquo;agriculture n&rsquo;est pas un secteur \u00e9conomique comme les autres. Elle est intimement li\u00e9e \u00e0 la sant\u00e9 des humains, des animaux et des \u00e9cosyst\u00e8mes. Choisir quels mod\u00e8les agricoles soutenir, c&rsquo;est donc choisir quel type de monde construire.<\/p>\n<h2>Un engagement qui r\u00e9sonne avec les enjeux globaux<\/h2>\n<p>Dans un monde o\u00f9 les liens entre agriculture, sant\u00e9 publique et environnement sont de mieux en mieux document\u00e9s, la mission d&rsquo;AVSF appara\u00eet plus pertinente que jamais. L&rsquo;organisation incarne une vision coh\u00e9rente : celle d&rsquo;une solidarit\u00e9 internationale qui ne se contente pas d&rsquo;apporter une aide ponctuelle, mais qui accompagne les communaut\u00e9s vers une autonomie durable. Avec ses partenariats renforc\u00e9s, sa gouvernance exemplaire et ses initiatives innovantes, AVSF confirme son r\u00f4le de r\u00e9f\u00e9rence dans le paysage de la coop\u00e9ration agricole internationale.<\/p>\n","protected":false},"excerpt":{"rendered":"<p>Agronomes et V\u00e9t\u00e9rinaires Sans Fronti\u00e8res (AVSF) s&rsquo;impose comme un acteur incontournable du d\u00e9veloppement rural durable dans les pays du Sud. Entre partenariats strat\u00e9giques, distinctions de gouvernance et initiatives innovantes, l&rsquo;organisation multiplie les engagements pour une agriculture paysanne plus juste et soutenable.<\/p>\n","protected":false},"author":0,"featured_media":251,"comment_status":"open","ping_status":"open","sticky":false,"template":"","format":"standard","meta":{"_jetpack_memberships_contains_paid_content":false,"footnotes":"","jetpack_publicize_message":"","jetpack_publicize_feature_enabled":true,"jetpack_social_post_already_shared":true,"jetpack_social_options":{"image_generator_settings":{"template":"highway","default_image_id":0,"font":"","enabled":false},"version":2}},"categories":[1],"tags":[],"class_list":["post-250","post","type-post","status-publish","format-standard","has-post-thumbnail","hentry","category-actu-innovation"],"jetpack_publicize_connections":[],"jetpack_featured_media_url":"https:\/\/mlousnbyskx9.i.optimole.com\/w:auto\/h:auto\/q:mauto\/f:best\/https:\/\/globalfood.cm\/wp-content\/uploads\/2026\/08\/acp-a-diverse-group-of-agronomists-and-veter-1786528037.jpg","jetpack_sharing_enabled":true,"_links":{"self":[{"href":"https:\/\/globalfood.cm\/index.php?rest_route=\/wp\/v2\/posts\/250","targetHints":{"allow":["GET"]}}],"collection":[{"href":"https:\/\/globalfood.cm\/index.php?rest_route=\/wp\/v2\/posts"}],"about":[{"href":"https:\/\/globalfood.cm\/index.php?rest_route=\/wp\/v2\/types\/post"}],"replies":[{"embeddable":true,"href":"https:\/\/globalfood.cm\/index.php?rest_route=%2Fwp%2Fv2%2Fcomments&post=250"}],"version-history":[{"count":0,"href":"https:\/\/globalfood.cm\/index.php?rest_route=\/wp\/v2\/posts\/250\/revisions"}],"wp:featuredmedia":[{"embeddable":true,"href":"https:\/\/globalfood.cm\/index.php?rest_route=\/wp\/v2\/media\/251"}],"wp:attachment":[{"href":"https:\/\/globalfood.cm\/index.php?rest_route=%2Fwp%2Fv2%2Fmedia&parent=250"}],"wp:term":[{"taxonomy":"category","embeddable":true,"href":"https:\/\/globalfood.cm\/index.php?rest_route=%2Fwp%2Fv2%2Fcategories&post=250"},{"taxonomy":"post_tag","embeddable":true,"href":"https:\/\/globalfood.cm\/index.php?rest_route=%2Fwp%2Fv2%2Ftags&post=250"}],"curies":[{"name":"wp","href":"https:\/\/api.w.org\/{rel}","templated":true}]}}