{"id":252,"date":"2026-08-12T21:46:51","date_gmt":"2026-08-12T21:46:51","guid":{"rendered":"https:\/\/globalfood.cm\/?p=252"},"modified":"2026-08-12T21:46:51","modified_gmt":"2026-08-12T21:46:51","slug":"action-contre-la-faim-et-le-gret-deux-piliers-du-developpement-solidaire-face-aux-defis-humanitaires-mondiaux-2","status":"publish","type":"post","link":"https:\/\/globalfood.cm\/?p=252","title":{"rendered":"Action Contre la Faim et le GRET : deux piliers du d\u00e9veloppement solidaire face aux d\u00e9fis humanitaires mondiaux"},"content":{"rendered":"<p>La solidarit\u00e9 internationale traverse une p\u00e9riode charni\u00e8re. Entre pressions budg\u00e9taires sur l&rsquo;aide publique au d\u00e9veloppement (APD), urgences humanitaires qui se multiplient et n\u00e9cessit\u00e9 de construire des solutions durables sur le terrain, les organisations non gouvernementales comme Action Contre la Faim (ACF) et le GRET jouent un r\u00f4le d\u00e9terminant. Ces deux structures, aux mandats distincts mais aux valeurs convergentes, illustrent la richesse et la complexit\u00e9 du secteur associatif fran\u00e7ais engag\u00e9 \u00e0 l&rsquo;international.<\/p>\n<h2>Action Contre la Faim : de l&rsquo;urgence \u00e0 la r\u00e9silience<\/h2>\n<p>Fond\u00e9e sur le principe que la faim est \u00e9vitable, Action Contre la Faim d\u00e9ploie ses programmes dans une quarantaine de pays \u00e0 travers le monde. Son action ne se limite pas \u00e0 la distribution alimentaire d&rsquo;urgence : l&rsquo;organisation d\u00e9veloppe des approches int\u00e9gr\u00e9es qui combinent nutrition, acc\u00e8s \u00e0 l&rsquo;eau et \u00e0 l&rsquo;assainissement, s\u00e9curit\u00e9 alimentaire et sant\u00e9. Cette vision globale lui permet d&rsquo;intervenir aussi bien dans les phases aigu\u00ebs de crise que dans la dur\u00e9e, en accompagnant les communaut\u00e9s vers une autonomie progressive.<\/p>\n<p>Dans ce cadre, ACF s&rsquo;est r\u00e9cemment associ\u00e9e \u00e0 d&rsquo;autres ONG pour interpeller les pouvoirs publics sur la n\u00e9cessit\u00e9 de renforcer la taxe sur les transactions financi\u00e8res. L&rsquo;objectif est clair : d\u00e9gager des ressources suppl\u00e9mentaires et stables pour financer la solidarit\u00e9 internationale \u00e0 la hauteur des besoins r\u00e9els. Un appel qui r\u00e9sonne d&rsquo;autant plus fort que l&rsquo;APD fait l&rsquo;objet de coupes budg\u00e9taires dans plusieurs pays donateurs, fragilisant des programmes vitaux pour des millions de personnes vuln\u00e9rables.<\/p>\n<h2>Le GRET : expertise technique au service des populations<\/h2>\n<p>De son c\u00f4t\u00e9, le GRET \u2014 Professionnels du d\u00e9veloppement solidaire \u2014 adopte une posture davantage ax\u00e9e sur l&rsquo;ing\u00e9nierie du d\u00e9veloppement. Cette ONG fran\u00e7aise, forte de plusieurs d\u00e9cennies d&rsquo;exp\u00e9rience, intervient sur des probl\u00e9matiques aussi vari\u00e9es que l&rsquo;agriculture familiale, l&rsquo;acc\u00e8s aux services essentiels, la gouvernance locale ou encore les syst\u00e8mes de sant\u00e9. Sa m\u00e9thodologie repose sur une co-construction des solutions avec les acteurs locaux, garantissant ainsi l&rsquo;appropriation des projets par les communaut\u00e9s b\u00e9n\u00e9ficiaires.<\/p>\n<p>Les interventions du GRET \u00e0 Madagascar illustrent bien cette approche. Le bilan d&rsquo;un projet d&rsquo;appui \u00e0 la sant\u00e9 maternelle et infantile dans la Grande \u00cele r\u00e9v\u00e8le des r\u00e9sultats encourageants : am\u00e9lioration de l&rsquo;acc\u00e8s aux soins, renforcement des capacit\u00e9s des agents de sant\u00e9 communautaires et meilleure prise en charge des femmes enceintes et des jeunes enfants. Ces avanc\u00e9es, obtenues en partenariat \u00e9troit avec les autorit\u00e9s sanitaires locales, d\u00e9montrent que le d\u00e9veloppement durable passe avant tout par le renforcement des syst\u00e8mes existants plut\u00f4t que par leur substitution.<\/p>\n<h2>Des synergies n\u00e9cessaires dans un contexte de ressources contraintes<\/h2>\n<p>La compl\u00e9mentarit\u00e9 entre des organisations comme ACF et le GRET est aujourd&rsquo;hui plus pr\u00e9cieuse que jamais. L\u00e0 o\u00f9 l&rsquo;une excelle dans la r\u00e9ponse rapide aux crises alimentaires, l&rsquo;autre construit patiemment les conditions d&rsquo;un d\u00e9veloppement endog\u00e8ne. Ensemble, elles couvrent un spectre d&rsquo;intervention qui va de l&rsquo;urgence absolue \u00e0 la transformation structurelle des soci\u00e9t\u00e9s.<\/p>\n<p>Cette diversit\u00e9 d&rsquo;approches s&rsquo;inscrit dans un \u00e9cosyst\u00e8me associatif plus large, coordonn\u00e9 en France notamment par Coordination SUD, la plateforme nationale des ONG fran\u00e7aises de solidarit\u00e9 internationale. \u00c0 l&rsquo;occasion de la Journ\u00e9e mondiale des ONG, cette structure a rappel\u00e9 avec force que l&rsquo;aide publique au d\u00e9veloppement constitue non seulement un outil de lutte contre la pauvret\u00e9, mais \u00e9galement un levier essentiel pour la paix et le respect des droits humains. Un message particuli\u00e8rement pertinent \u00e0 l&rsquo;heure o\u00f9 les foyers de tension g\u00e9opolitique se multiplient sur tous les continents.<\/p>\n<h2>Mobiliser au-del\u00e0 des fronti\u00e8res institutionnelles<\/h2>\n<p>La sensibilisation du grand public constitue \u00e9galement un axe strat\u00e9gique pour ces organisations. Des initiatives comme le concert caritatif \u00ab Faites solidaires ! \u00bb organis\u00e9 \u00e0 l&rsquo;occasion de la F\u00eate de la Musique t\u00e9moignent de la capacit\u00e9 des ONG \u00e0 investir des espaces culturels pour toucher de nouveaux publics. En associant engagement citoyen et convivialit\u00e9, ces \u00e9v\u00e9nements permettent de donner un visage humain \u00e0 des enjeux souvent per\u00e7us comme lointains.<\/p>\n<p>Sur le terrain, les projets de grande envergure continuent de voir le jour. En Afrique de l&rsquo;Ouest, le projet PROPEL Adapt au Mali \u2014 dot\u00e9 de plus de neuf milliards de francs CFA \u2014 vise \u00e0 am\u00e9liorer les conditions sanitaires de quatorze millions de Maliens, illustrant l&rsquo;ampleur des d\u00e9fis \u00e0 relever et la n\u00e9cessit\u00e9 d&rsquo;un financement robuste et p\u00e9renne.<\/p>\n<h2>Vers un mod\u00e8le de solidarit\u00e9 renouvel\u00e9<\/h2>\n<p>Au-del\u00e0 des projets individuels, c&rsquo;est bien un mod\u00e8le global de solidarit\u00e9 internationale qui se dessine. ACF, le GRET et leurs homologues d\u00e9fendent une vision dans laquelle l&rsquo;aide au d\u00e9veloppement n&rsquo;est pas per\u00e7ue comme une charit\u00e9, mais comme un investissement collectif dans la stabilit\u00e9, la dignit\u00e9 humaine et la prosp\u00e9rit\u00e9 partag\u00e9e. Pour que cette vision se concr\u00e9tise, ils appellent les \u00c9tats \u00e0 honorer leurs engagements financiers et \u00e0 diversifier les m\u00e9canismes de financement, notamment via une fiscalit\u00e9 internationale plus juste.<\/p>\n<p>Dans un monde o\u00f9 les in\u00e9galit\u00e9s s&rsquo;approfondissent et o\u00f9 les crises humanitaires se succ\u00e8dent \u00e0 un rythme pr\u00e9occupant, l&rsquo;existence et le dynamisme d&rsquo;organisations comme Action Contre la Faim et le GRET repr\u00e9sentent bien plus qu&rsquo;un filet de s\u00e9curit\u00e9 : ils incarnent la possibilit\u00e9 concr\u00e8te d&rsquo;un autre futur, construit avec et pour les plus vuln\u00e9rables.<\/p>\n","protected":false},"excerpt":{"rendered":"<p>Dans un contexte international marqu\u00e9 par des crises alimentaires et sanitaires persistantes, Action Contre la Faim et le GRET incarnent deux approches compl\u00e9mentaires de la solidarit\u00e9 internationale. Retour sur l&rsquo;engagement de ces organisations au c\u0153ur des enjeux du d\u00e9veloppement durable.<\/p>\n","protected":false},"author":0,"featured_media":253,"comment_status":"open","ping_status":"open","sticky":false,"template":"","format":"standard","meta":{"_jetpack_memberships_contains_paid_content":false,"footnotes":"","jetpack_publicize_message":"","jetpack_publicize_feature_enabled":true,"jetpack_social_post_already_shared":true,"jetpack_social_options":{"image_generator_settings":{"template":"highway","default_image_id":0,"font":"","enabled":false},"version":2}},"categories":[1],"tags":[],"class_list":["post-252","post","type-post","status-publish","format-standard","has-post-thumbnail","hentry","category-actu-innovation"],"jetpack_publicize_connections":[],"jetpack_featured_media_url":"https:\/\/mlousnbyskx9.i.optimole.com\/w:auto\/h:auto\/q:mauto\/f:best\/https:\/\/globalfood.cm\/wp-content\/uploads\/2026\/08\/acp-a-warm-and-hopeful-scene-showing-diverse-1786571214.jpg","jetpack_sharing_enabled":true,"_links":{"self":[{"href":"https:\/\/globalfood.cm\/index.php?rest_route=\/wp\/v2\/posts\/252","targetHints":{"allow":["GET"]}}],"collection":[{"href":"https:\/\/globalfood.cm\/index.php?rest_route=\/wp\/v2\/posts"}],"about":[{"href":"https:\/\/globalfood.cm\/index.php?rest_route=\/wp\/v2\/types\/post"}],"replies":[{"embeddable":true,"href":"https:\/\/globalfood.cm\/index.php?rest_route=%2Fwp%2Fv2%2Fcomments&post=252"}],"version-history":[{"count":0,"href":"https:\/\/globalfood.cm\/index.php?rest_route=\/wp\/v2\/posts\/252\/revisions"}],"wp:featuredmedia":[{"embeddable":true,"href":"https:\/\/globalfood.cm\/index.php?rest_route=\/wp\/v2\/media\/253"}],"wp:attachment":[{"href":"https:\/\/globalfood.cm\/index.php?rest_route=%2Fwp%2Fv2%2Fmedia&parent=252"}],"wp:term":[{"taxonomy":"category","embeddable":true,"href":"https:\/\/globalfood.cm\/index.php?rest_route=%2Fwp%2Fv2%2Fcategories&post=252"},{"taxonomy":"post_tag","embeddable":true,"href":"https:\/\/globalfood.cm\/index.php?rest_route=%2Fwp%2Fv2%2Ftags&post=252"}],"curies":[{"name":"wp","href":"https:\/\/api.w.org\/{rel}","templated":true}]}}