{"id":256,"date":"2026-08-13T08:16:25","date_gmt":"2026-08-13T08:16:25","guid":{"rendered":"https:\/\/globalfood.cm\/?p=256"},"modified":"2026-08-13T08:16:26","modified_gmt":"2026-08-13T08:16:26","slug":"accord-cameroun-japon-pam-708-millions-de-fcfa-pour-lassistance-alimentaire-de-13-400-vulnerables-dans-ladamaoua-et-lextreme-nord","status":"publish","type":"post","link":"https:\/\/globalfood.cm\/?p=256","title":{"rendered":"Accord Cameroun-Japon-PAM : 708 millions de  FCFA pour l&rsquo;assistance alimentaire de 13 400 vuln\u00e9rables dans l&rsquo;Adamaoua et l&rsquo;Extr\u00eame-Nord"},"content":{"rendered":"\n<p class=\"wp-block-paragraph\"><strong>Ce 12 Ao\u00fbt 2026 \u00e0 Yaound\u00e9, le gouvernement du Japon, le minist\u00e8re camerounais de l&rsquo;\u00c9conomie, de la Planification et de l&rsquo;Am\u00e9nagement du Territoire, et le Programme Alimentaire Mondial (PAM) ont officialis\u00e9 une contribution nippone de 200 millions de yens (environ 1,25 million USD \/ 708 millions FCFA) destin\u00e9e \u00e0 fournir une assistance alimentaire int\u00e9gr\u00e9e \u00e0 plus de 13 400 r\u00e9fugi\u00e9s et personnes d\u00e9plac\u00e9es internes dans les r\u00e9gions de l&rsquo;Adamaoua et de l&rsquo;Extr\u00eame-Nord. Malgr\u00e9 ce soutien, le PAM rappelle que ses besoins op\u00e9rationnels pour les six prochains mois s&rsquo;\u00e9l\u00e8vent \u00e0 43,2 millions USD suppl\u00e9mentaires, soit un taux de sous-financement de 93%, exposant \u00e0 un risque accru de malnutrition les enfants et les femmes enceintes ou allaitantes si de nouvelles contributions ne sont pas rapidement mobilis\u00e9es. Cette c\u00e9r\u00e9monie, qui s\u2019est d\u00e9roul\u00e9e dans les locaux du PAM \u00e0 Yaound\u00e9, a scell\u00e9 l\u2019engagement renouvel\u00e9 du Japon aux c\u00f4t\u00e9s du Cameroun pour r\u00e9pondre aux besoins alimentaires urgents des populations vuln\u00e9rables, en particulier les r\u00e9fugi\u00e9s et les personnes d\u00e9plac\u00e9es internes.<\/strong><\/p>\n\n\n\n<p class=\"wp-block-paragraph\">La contribution japonaise intervient dans un contexte s\u00e9curitaire et climatique particuli\u00e8rement d\u00e9grad\u00e9. Comme l\u2019a soulign\u00e9 Son Excellence Monsieur <strong>MINAMI Kentaro<\/strong>, Ambassadeur du Japon au Cameroun, les conflits dans le bassin du lac Tchad, les affrontements arm\u00e9s dans les r\u00e9gions du Nord-Ouest et du Sud-Ouest, ainsi que l\u2019afflux continu de r\u00e9fugi\u00e9s en provenance des pays voisins, p\u00e8sent lourdement sur les moyens de subsistance des populations et fragilisent davantage le syst\u00e8me alimentaire national. Face \u00e0 cette urgence, le Japon a r\u00e9affirm\u00e9 son principe de \u00ab s\u00e9curit\u00e9 humaine \u00bb en octroyant cette aide non remboursable. Celle-ci s\u2019inscrit dans la continuit\u00e9 des engagements pris lors de la neuvi\u00e8me Conf\u00e9rence internationale de Tokyo sur le d\u00e9veloppement de l\u2019Afrique (TICAD 9) et vise \u00e0 contribuer directement \u00e0 la r\u00e9alisation de l\u2019Objectif de d\u00e9veloppement durable n\u00b02, \u00ab Faim z\u00e9ro \u00bb. Concr\u00e8tement, ce financement permettra de fournir une assistance alimentaire int\u00e9gr\u00e9e \u00e0 plus de 13 400 personnes vuln\u00e9rables, dont plus de la moiti\u00e9 sont des femmes, dans les r\u00e9gions de l\u2019Adamaoua (pour les r\u00e9fugi\u00e9s) et de l\u2019Extr\u00eame-Nord (pour les d\u00e9plac\u00e9s internes).<\/p>\n\n\n\n<figure class=\"wp-block-image size-large\"><img data-opt-id=1438368263  fetchpriority=\"high\" decoding=\"async\" width=\"1024\" height=\"666\" src=\"https:\/\/mlousnbyskx9.i.optimole.com\/w:1024\/h:666\/q:mauto\/f:best\/https:\/\/globalfood.cm\/wp-content\/uploads\/2026\/08\/IMG_20260812_150347.jpg\" alt=\"\" class=\"wp-image-258\" srcset=\"https:\/\/mlousnbyskx9.i.optimole.com\/w:1024\/h:666\/q:mauto\/f:best\/https:\/\/globalfood.cm\/wp-content\/uploads\/2026\/08\/IMG_20260812_150347.jpg 1024w, https:\/\/mlousnbyskx9.i.optimole.com\/w:300\/h:195\/q:mauto\/f:best\/https:\/\/globalfood.cm\/wp-content\/uploads\/2026\/08\/IMG_20260812_150347.jpg 300w, https:\/\/mlousnbyskx9.i.optimole.com\/w:768\/h:499\/q:mauto\/f:best\/https:\/\/globalfood.cm\/wp-content\/uploads\/2026\/08\/IMG_20260812_150347.jpg 768w, https:\/\/mlousnbyskx9.i.optimole.com\/w:1080\/h:702\/q:mauto\/f:best\/https:\/\/globalfood.cm\/wp-content\/uploads\/2026\/08\/IMG_20260812_150347.jpg 1080w\" sizes=\"(max-width: 640px) 100vw, 640px\" \/><\/figure>\n\n\n\n<p class=\"wp-block-paragraph\">La c\u00e9r\u00e9monie a \u00e9galement \u00e9t\u00e9 marqu\u00e9e par les remerciements appuy\u00e9s du gouvernement camerounais, exprim\u00e9s par le repr\u00e9sentant du Ministre de l\u2019\u00c9conomie, de la Planification et de l\u2019Am\u00e9nagement du Territoire (MINEPAT). Ce dernier a salu\u00e9 la constance et la qualit\u00e9 des relations bilat\u00e9rales entre les deux pays, illustr\u00e9es par des appuis notables dans des secteurs cl\u00e9s comme l\u2019agriculture et les infrastructures. Il a notamment cit\u00e9 le Projet de d\u00e9veloppement du riz irrigu\u00e9 et pluvial (PRODERIP-RCV) comme un exemple concret de la coop\u00e9ration fructueuse contribuant \u00e0 la politique d\u2019import-substitution du Cameroun. Au-del\u00e0 du soulagement imm\u00e9diat pour les b\u00e9n\u00e9ficiaires, le repr\u00e9sentant du MINEPAT a encourag\u00e9 une orientation des achats de denr\u00e9es sur le march\u00e9 local, afin de renforcer l\u2019\u00e9conomie nationale et de cr\u00e9er de la richesse. Il a \u00e9galement plaid\u00e9 pour une transition progressive vers des solutions durables, en mettant l\u2019accent sur les activit\u00e9s g\u00e9n\u00e9ratrices de revenus dans les secteurs agropastoral et halieutique, une vision partag\u00e9e par l\u2019ensemble des partenaires pour sortir de la simple logique d\u2019assistance.<\/p>\n\n\n\n<figure class=\"wp-block-image size-large\"><img data-opt-id=2060677704  fetchpriority=\"high\" decoding=\"async\" width=\"1024\" height=\"461\" src=\"https:\/\/mlousnbyskx9.i.optimole.com\/w:1024\/h:461\/q:mauto\/f:best\/https:\/\/globalfood.cm\/wp-content\/uploads\/2026\/08\/IMG_20260812_115016.jpg\" alt=\"\" class=\"wp-image-259\" srcset=\"https:\/\/mlousnbyskx9.i.optimole.com\/w:1024\/h:461\/q:mauto\/f:best\/https:\/\/globalfood.cm\/wp-content\/uploads\/2026\/08\/IMG_20260812_115016-scaled.jpg 1024w, https:\/\/mlousnbyskx9.i.optimole.com\/w:300\/h:135\/q:mauto\/f:best\/https:\/\/globalfood.cm\/wp-content\/uploads\/2026\/08\/IMG_20260812_115016-scaled.jpg 300w, https:\/\/mlousnbyskx9.i.optimole.com\/w:768\/h:346\/q:mauto\/f:best\/https:\/\/globalfood.cm\/wp-content\/uploads\/2026\/08\/IMG_20260812_115016-scaled.jpg 768w, https:\/\/mlousnbyskx9.i.optimole.com\/w:1536\/h:691\/q:mauto\/f:best\/https:\/\/globalfood.cm\/wp-content\/uploads\/2026\/08\/IMG_20260812_115016-scaled.jpg 1536w, https:\/\/mlousnbyskx9.i.optimole.com\/w:1920\/h:864\/q:mauto\/f:best\/https:\/\/globalfood.cm\/wp-content\/uploads\/2026\/08\/IMG_20260812_115016-scaled.jpg 2048w\" sizes=\"(max-width: 640px) 100vw, 640px\" \/><\/figure>\n\n\n\n<p class=\"wp-block-paragraph\">Si cette donation est vivement salu\u00e9e, elle ne comble qu\u2019une infime partie des besoins colossaux. Le repr\u00e9sentant et directeur pays du PAM au Cameroun, M. <strong>Gianluca Ferrera<\/strong>, a tenu \u00e0 exprimer sa profonde gratitude au peuple japonais pour ce geste de solidarit\u00e9, tout en lan\u00e7ant un appel solennel \u00e0 la communaut\u00e9 internationale. Il a rappel\u00e9 que <strong>sur les six prochains mois (d\u2019ao\u00fbt 2026 \u00e0 janvier 2027), le PAM n\u00e9cessite un montant suppl\u00e9mentaire de 43,2 millions de dollars US<\/strong> pour maintenir ses op\u00e9rations d\u2019assistance alimentaire et nutritionnelle \u00e0 travers le pays. Ce chiffre repr\u00e9sente un d\u00e9ficit de financement de 93 % par rapport aux besoins op\u00e9rationnels. <\/p>\n\n\n\n<figure class=\"wp-block-image size-large\"><img data-opt-id=2097213320  data-opt-src=\"https:\/\/mlousnbyskx9.i.optimole.com\/w:1024\/h:683\/q:mauto\/f:best\/https:\/\/globalfood.cm\/wp-content\/uploads\/2026\/08\/IMG_20260812_150528.jpg\"  decoding=\"async\" width=\"1024\" height=\"683\" src=\"data:image/svg+xml,%3Csvg%20viewBox%3D%220%200%201024%20683%22%20width%3D%221024%22%20height%3D%22683%22%20xmlns%3D%22http%3A%2F%2Fwww.w3.org%2F2000%2Fsvg%22%3E%3Crect%20width%3D%221024%22%20height%3D%22683%22%20fill%3D%22transparent%22%2F%3E%3C%2Fsvg%3E\" alt=\"\" class=\"wp-image-260\" old-srcset=\"https:\/\/mlousnbyskx9.i.optimole.com\/w:1024\/h:683\/q:mauto\/f:best\/https:\/\/globalfood.cm\/wp-content\/uploads\/2026\/08\/IMG_20260812_150528.jpg 1024w, https:\/\/mlousnbyskx9.i.optimole.com\/w:300\/h:200\/q:mauto\/f:best\/https:\/\/globalfood.cm\/wp-content\/uploads\/2026\/08\/IMG_20260812_150528.jpg 300w, https:\/\/mlousnbyskx9.i.optimole.com\/w:768\/h:512\/q:mauto\/f:best\/https:\/\/globalfood.cm\/wp-content\/uploads\/2026\/08\/IMG_20260812_150528.jpg 768w, https:\/\/mlousnbyskx9.i.optimole.com\/w:1071\/h:714\/q:mauto\/f:best\/https:\/\/globalfood.cm\/wp-content\/uploads\/2026\/08\/IMG_20260812_150528.jpg 1071w\" \/><\/figure>\n\n\n\n<p class=\"wp-block-paragraph\">Sans un afflux rapide de nouvelles ressources, le PAM pourrait \u00eatre contraint de r\u00e9duire davantage le nombre de personnes assist\u00e9es, exposant les plus vuln\u00e9rables, notamment les enfants et les femmes enceintes ou allaitantes, \u00e0 un risque accru de faim et de malnutrition. M. Ferrera a conclu en r\u00e9affirmant l\u2019engagement du PAM \u00e0 travailler aux c\u00f4t\u00e9s du gouvernement camerounais, des agences onusiennes et des organisations de la soci\u00e9t\u00e9 civile, non seulement pour r\u00e9pondre \u00e0 l\u2019urgence, mais aussi pour renforcer la r\u00e9silience et b\u00e2tir des solutions durables pour l\u2019avenir.<\/p>\n","protected":false},"excerpt":{"rendered":"<p>Ce 12 Ao\u00fbt 2026 \u00e0 Yaound\u00e9, le gouvernement du Japon, le minist\u00e8re camerounais de l&rsquo;\u00c9conomie, de la Planification<\/p>\n","protected":false},"author":2,"featured_media":257,"comment_status":"open","ping_status":"open","sticky":false,"template":"","format":"standard","meta":{"_jetpack_memberships_contains_paid_content":false,"footnotes":"","jetpack_publicize_message":"","jetpack_publicize_feature_enabled":true,"jetpack_social_post_already_shared":true,"jetpack_social_options":{"image_generator_settings":{"template":"highway","default_image_id":0,"font":"","enabled":false},"version":2}},"categories":[1],"tags":[],"class_list":["post-256","post","type-post","status-publish","format-standard","has-post-thumbnail","hentry","category-actu-innovation"],"jetpack_publicize_connections":[],"jetpack_featured_media_url":"https:\/\/mlousnbyskx9.i.optimole.com\/w:auto\/h:auto\/q:mauto\/f:best\/https:\/\/globalfood.cm\/wp-content\/uploads\/2026\/08\/IMG_20260812_150252.jpg","jetpack_sharing_enabled":true,"_links":{"self":[{"href":"https:\/\/globalfood.cm\/index.php?rest_route=\/wp\/v2\/posts\/256","targetHints":{"allow":["GET"]}}],"collection":[{"href":"https:\/\/globalfood.cm\/index.php?rest_route=\/wp\/v2\/posts"}],"about":[{"href":"https:\/\/globalfood.cm\/index.php?rest_route=\/wp\/v2\/types\/post"}],"author":[{"embeddable":true,"href":"https:\/\/globalfood.cm\/index.php?rest_route=\/wp\/v2\/users\/2"}],"replies":[{"embeddable":true,"href":"https:\/\/globalfood.cm\/index.php?rest_route=%2Fwp%2Fv2%2Fcomments&post=256"}],"version-history":[{"count":1,"href":"https:\/\/globalfood.cm\/index.php?rest_route=\/wp\/v2\/posts\/256\/revisions"}],"predecessor-version":[{"id":261,"href":"https:\/\/globalfood.cm\/index.php?rest_route=\/wp\/v2\/posts\/256\/revisions\/261"}],"wp:featuredmedia":[{"embeddable":true,"href":"https:\/\/globalfood.cm\/index.php?rest_route=\/wp\/v2\/media\/257"}],"wp:attachment":[{"href":"https:\/\/globalfood.cm\/index.php?rest_route=%2Fwp%2Fv2%2Fmedia&parent=256"}],"wp:term":[{"taxonomy":"category","embeddable":true,"href":"https:\/\/globalfood.cm\/index.php?rest_route=%2Fwp%2Fv2%2Fcategories&post=256"},{"taxonomy":"post_tag","embeddable":true,"href":"https:\/\/globalfood.cm\/index.php?rest_route=%2Fwp%2Fv2%2Ftags&post=256"}],"curies":[{"name":"wp","href":"https:\/\/api.w.org\/{rel}","templated":true}]}}