{"id":266,"date":"2026-08-16T09:47:21","date_gmt":"2026-08-16T09:47:21","guid":{"rendered":"https:\/\/globalfood.cm\/?p=266"},"modified":"2026-08-16T09:47:21","modified_gmt":"2026-08-16T09:47:21","slug":"agroecologie-en-afrique-une-transition-agricole-incontournable-pour-nourrir-le-continent","status":"publish","type":"post","link":"https:\/\/globalfood.cm\/?p=266","title":{"rendered":"Agro\u00e9cologie en Afrique : une transition agricole incontournable pour nourrir le continent"},"content":{"rendered":"<p>L&rsquo;Afrique se trouve \u00e0 un carrefour d\u00e9cisif. Avec une population en forte croissance, des terres agricoles fragilis\u00e9es par le changement climatique et des mod\u00e8les intensifs montrant leurs limites, la question de la transition agro\u00e9cologique n&rsquo;est plus un d\u00e9bat acad\u00e9mique : c&rsquo;est une urgence pratique. Plusieurs signaux r\u00e9cents confirment que cette prise de conscience gagne du terrain, des politiques nationales jusqu&rsquo;aux forums citoyens internationaux.<\/p>\n<h2>Le Maroc en premi\u00e8re ligne de la transition<\/h2>\n<p>Au Maghreb, le Maroc s&rsquo;affirme comme un pionnier de l&rsquo;agro\u00e9cologie \u00e0 l&rsquo;\u00e9chelle africaine. Le pays engage une r\u00e9orientation progressive de ses pratiques agricoles, cherchant \u00e0 concilier productivit\u00e9 et respect des \u00e9quilibres naturels. Cette dynamique s&rsquo;inscrit dans un contexte plus large o\u00f9 les gouvernements africains commencent \u00e0 int\u00e9grer les principes agro\u00e9cologiques dans leurs politiques publiques, reconnaissant que la d\u00e9pendance aux intrants chimiques et aux semences import\u00e9es fragilise \u00e0 la fois les \u00e9cosyst\u00e8mes et la souverainet\u00e9 alimentaire des populations rurales.<\/p>\n<h2>La recherche internationale se mobilise<\/h2>\n<p>Du c\u00f4t\u00e9 scientifique, les institutions fran\u00e7aises jouent un r\u00f4le moteur dans l&rsquo;accompagnement de cette transition sur le continent africain. L&rsquo;INRAE, pr\u00e9sent \u00e0 Nairobi, renforce son engagement en faveur de syst\u00e8mes alimentaires durables adapt\u00e9s aux r\u00e9alit\u00e9s africaines. L&rsquo;objectif est clair : co-construire des solutions avec les acteurs locaux plut\u00f4t que d&rsquo;imposer des mod\u00e8les venus d&rsquo;ailleurs. Cette posture de partenariat marque une \u00e9volution significative dans la mani\u00e8re dont la coop\u00e9ration scientifique internationale aborde les questions agricoles en Afrique.<\/p>\n<p>Dans la m\u00eame veine, le Cirad lance un appel \u00e0 id\u00e9es pour co-construire des programmes de recherche centr\u00e9s sur l&rsquo;agro\u00e9cologie et les syst\u00e8mes alimentaires durables. Cette d\u00e9marche participative illustre une tendance de fond : les chercheurs reconnaissent que les savoirs paysans locaux constituent une ressource pr\u00e9cieuse, compl\u00e9mentaire aux connaissances scientifiques formelles. L&rsquo;enjeu est de cr\u00e9er des ponts entre ces deux univers pour g\u00e9n\u00e9rer des innovations r\u00e9ellement adapt\u00e9es aux contextes africains.<\/p>\n<h2>Des dilemmes complexes \u00e0 l&rsquo;horizon 2050<\/h2>\n<p>Pourtant, la route vers une agriculture africaine pleinement agro\u00e9cologique est sem\u00e9e d&rsquo;obstacles. L&rsquo;Agence Fran\u00e7aise de D\u00e9veloppement (AFD) s&rsquo;est pench\u00e9e sur les contradictions inh\u00e9rentes \u00e0 cette transition \u00e0 l&rsquo;horizon 2050. Les d\u00e9fis sont multiples et souvent contradictoires :<\/p>\n<ul>\n<li>Comment augmenter la production alimentaire pour nourrir une population croissante tout en r\u00e9duisant l&rsquo;impact environnemental des pratiques agricoles ?<\/li>\n<li>Comment accompagner les petits producteurs dans cette transition sans les fragiliser \u00e9conomiquement \u00e0 court terme ?<\/li>\n<li>Comment concilier les exigences des march\u00e9s d&rsquo;exportation avec les besoins alimentaires locaux ?<\/li>\n<li>Comment financer massivement la transition dans des pays aux ressources publiques limit\u00e9es ?<\/li>\n<\/ul>\n<p>Ces dilemmes ne sont pas insurmontables, mais ils exigent des approches nuanc\u00e9es, territorialis\u00e9es et construites sur le long terme. L&rsquo;agro\u00e9cologie ne peut pas \u00eatre un simple habillage vert appliqu\u00e9 sur des syst\u00e8mes inchang\u00e9s : elle implique une transformation profonde des logiques de production, de distribution et de consommation.<\/p>\n<h2>La soci\u00e9t\u00e9 civile s&#8217;empare du sujet<\/h2>\n<p>Au-del\u00e0 des gouvernements et des institutions scientifiques, c&rsquo;est la soci\u00e9t\u00e9 civile qui constitue l&rsquo;un des moteurs les plus puissants de cette dynamique. En Afrique de l&rsquo;Ouest et au Sahel, les organisations paysannes et les mouvements citoyens se mobilisent avec une \u00e9nergie croissante autour des enjeux agro\u00e9cologiques. La pr\u00e9paration du Forum social mondial 2026 t\u00e9moigne de cette effervescence : des r\u00e9seaux d&rsquo;acteurs issus de plusieurs pays de la r\u00e9gion convergent pour faire de l&rsquo;agro\u00e9cologie un axe central des alternatives qu&rsquo;ils souhaitent porter sur la sc\u00e8ne internationale.<\/p>\n<p>Cette mobilisation populaire est fondamentale. Elle rappelle que la transition agro\u00e9cologique n&rsquo;est pas seulement une question technique ou agronomique : elle touche \u00e0 la souverainet\u00e9 alimentaire, \u00e0 la justice sociale et au droit des communaut\u00e9s rurales \u00e0 d\u00e9cider de leur avenir.<\/p>\n<h2>Vers un mod\u00e8le africain de l&rsquo;agro\u00e9cologie<\/h2>\n<p>Ce qui se dessine aujourd&rsquo;hui sur le continent, c&rsquo;est l&rsquo;\u00e9mergence d&rsquo;un mod\u00e8le africain de l&rsquo;agro\u00e9cologie, ancr\u00e9 dans les diversit\u00e9s culturelles, \u00e9cologiques et \u00e9conomiques locales. Ni copie des exp\u00e9riences europ\u00e9ennes, ni retour romantique \u00e0 un pass\u00e9 id\u00e9alis\u00e9, cette voie africaine cherche \u00e0 tirer le meilleur des connaissances ancestrales et des innovations contemporaines pour construire des syst\u00e8mes alimentaires r\u00e9silients, \u00e9quitables et durables. Les prochaines d\u00e9cennies diront si les engagements affich\u00e9s se traduisent en politiques concr\u00e8tes et en transformations r\u00e9elles sur le terrain.<\/p>\n","protected":false},"excerpt":{"rendered":"<p>Face aux d\u00e9fis climatiques et alimentaires, l&rsquo;agro\u00e9cologie s&rsquo;impose progressivement comme une voie strat\u00e9gique pour l&rsquo;Afrique. Du Maroc au Sahel, en passant par les grandes institutions de recherche, le continent s&rsquo;organise pour repenser ses syst\u00e8mes agricoles en profondeur.<\/p>\n","protected":false},"author":0,"featured_media":267,"comment_status":"open","ping_status":"open","sticky":false,"template":"","format":"standard","meta":{"_jetpack_memberships_contains_paid_content":false,"footnotes":"","jetpack_publicize_message":"","jetpack_publicize_feature_enabled":true,"jetpack_social_post_already_shared":true,"jetpack_social_options":{"image_generator_settings":{"template":"highway","default_image_id":0,"font":"","enabled":false},"version":2}},"categories":[1],"tags":[],"class_list":["post-266","post","type-post","status-publish","format-standard","has-post-thumbnail","hentry","category-actu-innovation"],"jetpack_publicize_connections":[],"jetpack_featured_media_url":"https:\/\/mlousnbyskx9.i.optimole.com\/w:auto\/h:auto\/q:mauto\/f:best\/https:\/\/globalfood.cm\/wp-content\/uploads\/2026\/08\/acp-aerial-view-of-a-diverse-and-lush-africa-1786873646.jpg","jetpack_sharing_enabled":true,"_links":{"self":[{"href":"https:\/\/globalfood.cm\/index.php?rest_route=\/wp\/v2\/posts\/266","targetHints":{"allow":["GET"]}}],"collection":[{"href":"https:\/\/globalfood.cm\/index.php?rest_route=\/wp\/v2\/posts"}],"about":[{"href":"https:\/\/globalfood.cm\/index.php?rest_route=\/wp\/v2\/types\/post"}],"replies":[{"embeddable":true,"href":"https:\/\/globalfood.cm\/index.php?rest_route=%2Fwp%2Fv2%2Fcomments&post=266"}],"version-history":[{"count":0,"href":"https:\/\/globalfood.cm\/index.php?rest_route=\/wp\/v2\/posts\/266\/revisions"}],"wp:featuredmedia":[{"embeddable":true,"href":"https:\/\/globalfood.cm\/index.php?rest_route=\/wp\/v2\/media\/267"}],"wp:attachment":[{"href":"https:\/\/globalfood.cm\/index.php?rest_route=%2Fwp%2Fv2%2Fmedia&parent=266"}],"wp:term":[{"taxonomy":"category","embeddable":true,"href":"https:\/\/globalfood.cm\/index.php?rest_route=%2Fwp%2Fv2%2Fcategories&post=266"},{"taxonomy":"post_tag","embeddable":true,"href":"https:\/\/globalfood.cm\/index.php?rest_route=%2Fwp%2Fv2%2Ftags&post=266"}],"curies":[{"name":"wp","href":"https:\/\/api.w.org\/{rel}","templated":true}]}}