{"id":268,"date":"2026-08-16T21:47:23","date_gmt":"2026-08-16T21:47:23","guid":{"rendered":"https:\/\/globalfood.cm\/?p=268"},"modified":"2026-08-16T21:47:23","modified_gmt":"2026-08-16T21:47:23","slug":"agra-entre-transformation-agricole-africaine-et-modernisation-des-donnees-une-organisation-au-coeur-des-enjeux-mondiaux","status":"publish","type":"post","link":"https:\/\/globalfood.cm\/?p=268","title":{"rendered":"AGRA : entre transformation agricole africaine et modernisation des donn\u00e9es, une organisation au c\u0153ur des enjeux mondiaux"},"content":{"rendered":"<p>Le sigle AGRA recouvre aujourd&rsquo;hui des r\u00e9alit\u00e9s multiples et des actualit\u00e9s foisonnantes, qu&rsquo;il s&rsquo;agisse de l&rsquo;Alliance pour une r\u00e9volution verte en Afrique ou d&rsquo;organisations sectorielles partageant ce m\u00eame acronyme. Dans les deux cas, ces entit\u00e9s jouent un r\u00f4le structurant dans leurs domaines respectifs, et l&rsquo;actualit\u00e9 r\u00e9cente en t\u00e9moigne avec \u00e9loquence.<\/p>\n<h2>L&rsquo;\u00c9thiopie, vitrine de la transformation agricole africaine selon l&rsquo;AGRA<\/h2>\n<p>Sur le continent africain, l&rsquo;Alliance pour une r\u00e9volution verte en Afrique continue de mettre en lumi\u00e8re les succ\u00e8s engrang\u00e9s par certains pays membres. L&rsquo;\u00c9thiopie figure en bonne place parmi les exemples \u00e0 suivre : selon le directeur national de l&rsquo;AGRA pour ce pays, la trajectoire agricole \u00e9thiopienne s&rsquo;est impos\u00e9e comme une r\u00e9f\u00e9rence pour l&rsquo;ensemble du continent. Les progr\u00e8s r\u00e9alis\u00e9s en mati\u00e8re de rendements, d&rsquo;organisation des fili\u00e8res et d&rsquo;acc\u00e8s aux intrants sont pr\u00e9sent\u00e9s comme autant de preuves que la modernisation agricole est possible \u00e0 grande \u00e9chelle en Afrique subsaharienne.<\/p>\n<p>Cette reconnaissance n&rsquo;est pas anodine dans un contexte o\u00f9 les d\u00e9fis alimentaires restent colossaux pour des centaines de millions de personnes. L&rsquo;approche \u00e9thiopienne, combinant soutien \u00e9tatique, diffusion de semences am\u00e9lior\u00e9es et structuration des march\u00e9s locaux, offre un mod\u00e8le transposable \u00e0 d&rsquo;autres nations du continent d\u00e9sireuses d&rsquo;acc\u00e9l\u00e9rer leur transition agricole.<\/p>\n<h2>Le Maroc, acteur cl\u00e9 du march\u00e9 africain des engrais<\/h2>\n<p>Dans son r\u00f4le d&rsquo;observatoire des dynamiques agricoles africaines, l&rsquo;AGRA a \u00e9galement mis en avant la position consolid\u00e9e du Maroc sur le march\u00e9 continental des engrais. Le royaume ch\u00e9rifien figure parmi les dix principaux fournisseurs du continent, approvisionnant des pays aussi vari\u00e9s que l&rsquo;\u00c9thiopie ou le Malawi. Cette pr\u00e9sence commerciale refl\u00e8te la mont\u00e9e en puissance du Maroc comme puissance agricole et industrielle \u00e0 l&rsquo;\u00e9chelle r\u00e9gionale, port\u00e9e notamment par ses immenses r\u00e9serves de phosphates et la strat\u00e9gie internationale de ses acteurs industriels.<\/p>\n<p>Ce positionnement est d&rsquo;autant plus strat\u00e9gique que l&rsquo;acc\u00e8s aux engrais reste l&rsquo;un des principaux goulets d&rsquo;\u00e9tranglement pour les agriculteurs africains, dont les rendements demeurent structurellement inf\u00e9rieurs \u00e0 ceux des autres r\u00e9gions du monde. En consolidant ses parts de march\u00e9, le Maroc s&rsquo;inscrit dans les cha\u00eenes de valeur agricoles africaines de mani\u00e8re durable.<\/p>\n<h2>AGRA distingu\u00e9 pour sa modernisation des \u00e9changes de donn\u00e9es<\/h2>\n<p>Hors du contexte agricole africain, le sigle AGRA renvoie \u00e9galement \u00e0 d&rsquo;autres structures actives dans des secteurs tr\u00e8s diff\u00e9rents. Ainsi, une entit\u00e9 d\u00e9nomm\u00e9e AGRA a r\u00e9cemment re\u00e7u le prix Golda, une distinction sectorielle saluant son implication dans la modernisation des \u00e9changes de donn\u00e9es. Cette reconnaissance illustre comment des organisations, quel que soit leur domaine d&rsquo;activit\u00e9, peuvent se distinguer par leur capacit\u00e9 \u00e0 embrasser la transformation num\u00e9rique et \u00e0 fluidifier les flux d&rsquo;information entre partenaires.<\/p>\n<p>\u00c0 l&rsquo;heure o\u00f9 la digitalisation des \u00e9changes professionnels s&rsquo;acc\u00e9l\u00e8re dans tous les secteurs, cette distinction souligne l&rsquo;importance croissante accord\u00e9e \u00e0 l&rsquo;interop\u00e9rabilit\u00e9 des syst\u00e8mes et \u00e0 la qualit\u00e9 des donn\u00e9es partag\u00e9es entre acteurs \u00e9conomiques.<\/p>\n<h2>Un contexte mondial agit\u00e9 pour les fili\u00e8res agroalimentaires<\/h2>\n<p>Les m\u00e9dias sp\u00e9cialis\u00e9s comme Agra.fr, publication de r\u00e9f\u00e9rence sur les march\u00e9s agricoles et agroalimentaires francophones, refl\u00e8tent quant \u00e0 eux une actualit\u00e9 sectorielle particuli\u00e8rement dense. Entre les mouvements strat\u00e9giques de g\u00e9ants comme Lactalis, Saputo ou Tyson Foods, et les d\u00e9cisions politiques de l&rsquo;administration am\u00e9ricaine souhaitant renforcer la transparence sur la composition des produits alimentaires, le secteur traverse une p\u00e9riode de reconfigurations majeures.<\/p>\n<p>La question de l&rsquo;\u00e9tiquetage et de la tra\u00e7abilit\u00e9 des ingr\u00e9dients, port\u00e9e par Washington, rejoint en r\u00e9alit\u00e9 des pr\u00e9occupations similaires exprim\u00e9es en Europe depuis plusieurs ann\u00e9es. Elle illustre une tendance de fond : les consommateurs et les r\u00e9gulateurs exigent d\u00e9sormais une lisibilit\u00e9 accrue sur ce que contiennent les produits transform\u00e9s, poussant les industriels \u00e0 adapter leurs pratiques.<\/p>\n<h2>Des enjeux convergents autour de la souverainet\u00e9 alimentaire<\/h2>\n<p>Qu&rsquo;il s&rsquo;agisse de l&rsquo;AGRA africaine \u0153uvrant pour la s\u00e9curit\u00e9 alimentaire du continent, du Maroc positionnant ses engrais sur les march\u00e9s r\u00e9gionaux, ou des d\u00e9bats r\u00e9glementaires transatlantiques sur la composition des aliments, une m\u00eame pr\u00e9occupation centrale \u00e9merge : la ma\u00eetrise des cha\u00eenes alimentaires. Dans un monde fragilis\u00e9 par les tensions g\u00e9opolitiques et les al\u00e9as climatiques, garantir l&rsquo;acc\u00e8s \u00e0 une alimentation de qualit\u00e9, tra\u00e7able et suffisante, s&rsquo;impose comme l&rsquo;un des d\u00e9fis structurants des prochaines d\u00e9cennies.<\/p>\n<p>Les acteurs gravitant autour de l&rsquo;acronyme AGRA, qu&rsquo;ils \u00e9voluent dans l&rsquo;agronomie tropicale, l&rsquo;industrie laiti\u00e8re ou la gestion des donn\u00e9es, participent chacun \u00e0 leur mani\u00e8re \u00e0 construire des r\u00e9ponses adapt\u00e9es \u00e0 cette \u00e9quation complexe.<\/p>\n","protected":false},"excerpt":{"rendered":"<p>L&rsquo;Alliance pour une r\u00e9volution verte en Afrique (AGRA) s&rsquo;impose comme un acteur incontournable du d\u00e9veloppement agricole continental, tout en \u00e9tant \u00e9galement associ\u00e9e \u00e0 des initiatives de modernisation des \u00e9changes de donn\u00e9es dans d&rsquo;autres secteurs. Tour d&rsquo;horizon d&rsquo;une organisation aux multiples visages.<\/p>\n","protected":false},"author":0,"featured_media":269,"comment_status":"open","ping_status":"open","sticky":false,"template":"","format":"standard","meta":{"_jetpack_memberships_contains_paid_content":false,"footnotes":"","jetpack_publicize_message":"","jetpack_publicize_feature_enabled":true,"jetpack_social_post_already_shared":true,"jetpack_social_options":{"image_generator_settings":{"template":"highway","default_image_id":0,"font":"","enabled":false},"version":2}},"categories":[1],"tags":[],"class_list":["post-268","post","type-post","status-publish","format-standard","has-post-thumbnail","hentry","category-actu-innovation"],"jetpack_publicize_connections":[],"jetpack_featured_media_url":"https:\/\/mlousnbyskx9.i.optimole.com\/w:auto\/h:auto\/q:mauto\/f:best\/https:\/\/globalfood.cm\/wp-content\/uploads\/2026\/08\/acp-aerial-view-of-vast-green-african-farmla-1786916846.jpg","jetpack_sharing_enabled":true,"_links":{"self":[{"href":"https:\/\/globalfood.cm\/index.php?rest_route=\/wp\/v2\/posts\/268","targetHints":{"allow":["GET"]}}],"collection":[{"href":"https:\/\/globalfood.cm\/index.php?rest_route=\/wp\/v2\/posts"}],"about":[{"href":"https:\/\/globalfood.cm\/index.php?rest_route=\/wp\/v2\/types\/post"}],"replies":[{"embeddable":true,"href":"https:\/\/globalfood.cm\/index.php?rest_route=%2Fwp%2Fv2%2Fcomments&post=268"}],"version-history":[{"count":0,"href":"https:\/\/globalfood.cm\/index.php?rest_route=\/wp\/v2\/posts\/268\/revisions"}],"wp:featuredmedia":[{"embeddable":true,"href":"https:\/\/globalfood.cm\/index.php?rest_route=\/wp\/v2\/media\/269"}],"wp:attachment":[{"href":"https:\/\/globalfood.cm\/index.php?rest_route=%2Fwp%2Fv2%2Fmedia&parent=268"}],"wp:term":[{"taxonomy":"category","embeddable":true,"href":"https:\/\/globalfood.cm\/index.php?rest_route=%2Fwp%2Fv2%2Fcategories&post=268"},{"taxonomy":"post_tag","embeddable":true,"href":"https:\/\/globalfood.cm\/index.php?rest_route=%2Fwp%2Fv2%2Ftags&post=268"}],"curies":[{"name":"wp","href":"https:\/\/api.w.org\/{rel}","templated":true}]}}