{"id":272,"date":"2026-08-17T21:56:56","date_gmt":"2026-08-17T21:56:56","guid":{"rendered":"https:\/\/globalfood.cm\/?p=272"},"modified":"2026-08-17T21:56:56","modified_gmt":"2026-08-17T21:56:56","slug":"sos-faim-une-ong-en-pleine-mutation-entre-innovation-numerique-et-nouveau-souffle-identitaire","status":"publish","type":"post","link":"https:\/\/globalfood.cm\/?p=272","title":{"rendered":"SOS Faim : une ONG en pleine mutation entre innovation num\u00e9rique et nouveau souffle identitaire"},"content":{"rendered":"<p>Depuis plusieurs d\u00e9cennies, SOS Faim s&rsquo;est impos\u00e9e comme l&rsquo;une des r\u00e9f\u00e9rences incontournables de la solidarit\u00e9 internationale en mati\u00e8re de lutte contre la faim et de soutien aux agricultures paysannes du Sud. Mais loin de se reposer sur ses acquis, l&rsquo;organisation multiplie aujourd&rsquo;hui les initiatives pour rester en phase avec son \u00e9poque, que ce soit sur le plan technologique, symbolique ou militant.<\/p>\n<h2>Quand la g\u00e9n\u00e9rosit\u00e9 luxembourgeoise se digitalise<\/h2>\n<p>Au Luxembourg, SOS Faim vient de franchir un cap notable en int\u00e9grant la carte Pluxee comme moyen de don. Cette \u00e9volution refl\u00e8te une tendance de fond : la num\u00e9risation progressive des pratiques philanthropiques. Concr\u00e8tement, les d\u00e9tenteurs de cette carte \u2014 utilis\u00e9e notamment pour les ch\u00e8ques-repas et avantages salariaux \u2014 peuvent d\u00e9sormais orienter une partie de leur budget vers l&rsquo;association, transformant un instrument du quotidien professionnel en levier de solidarit\u00e9 internationale.<\/p>\n<p>Cette approche, salu\u00e9e par le public luxembourgeois, illustre la capacit\u00e9 de l&rsquo;organisation \u00e0 s&rsquo;adapter aux nouvelles habitudes de consommation et de don. Plut\u00f4t que d&rsquo;attendre que les donateurs viennent \u00e0 elle, SOS Faim va chercher les ressources l\u00e0 o\u00f9 elles se trouvent d\u00e9j\u00e0 : dans les outils financiers du quotidien. Un tournant pragmatique qui pourrait inspirer d&rsquo;autres ONG confront\u00e9es aux m\u00eames d\u00e9fis de collecte de fonds.<\/p>\n<h2>Les ch\u00e8ques-repas, un nouveau vecteur de solidarit\u00e9<\/h2>\n<p>Dans le prolongement de cette dynamique, SOS Faim a d\u00e9velopp\u00e9 une initiative permettant aux travailleurs frontaliers et aux salari\u00e9s belges d&rsquo;utiliser leurs ch\u00e8ques-repas pour soutenir ses programmes. Ce dispositif, baptis\u00e9 avec le slogan \u00e9vocateur \u00ab vos ch\u00e8ques-repas ont du c\u0153ur \u00bb, repose sur une id\u00e9e simple mais puissante : chaque repas consomm\u00e9 peut, en partie, en financer un autre, ailleurs dans le monde, pour des populations qui en sont priv\u00e9es.<\/p>\n<p>Au-del\u00e0 de l&rsquo;aspect pratique, cette m\u00e9canique cr\u00e9e un lien symbolique fort entre le quotidien des salari\u00e9s europ\u00e9ens et les r\u00e9alit\u00e9s v\u00e9cues par les agriculteurs et familles vuln\u00e9rables dans les pays du Sud que SOS Faim accompagne. C&rsquo;est une fa\u00e7on de rendre la solidarit\u00e9 concr\u00e8te, accessible et int\u00e9gr\u00e9e aux gestes ordinaires de la vie professionnelle.<\/p>\n<h2>Humundi : une renaissance sous un nouveau nom<\/h2>\n<p>L&rsquo;un des \u00e9v\u00e9nements les plus marquants de la p\u00e9riode r\u00e9cente reste sans doute le changement de nom de l&rsquo;organisation. Selon les informations relay\u00e9es par RTL Info, SOS Faim a officiellement adopt\u00e9 le nom <strong>Humundi<\/strong>, une d\u00e9cision lourde de sens pour une structure qui a construit sa r\u00e9putation sur plusieurs g\u00e9n\u00e9rations de militants et de donateurs.<\/p>\n<p>Ce rebranding n&rsquo;est pas anodin. Il traduit une volont\u00e9 de renouveler l&rsquo;image de l&rsquo;ONG, peut-\u00eatre pour toucher de nouveaux publics, mieux refl\u00e9ter l&rsquo;\u00e9tendue de ses missions ou s&rsquo;inscrire dans une vision plus large de la solidarit\u00e9 humaine mondiale \u2014 ce que sugg\u00e8re la construction m\u00eame du mot \u00ab Humundi \u00bb, fusion \u00e9vidente d&rsquo;\u00ab humain \u00bb et de \u00ab monde \u00bb. Si le nom change, les valeurs fondatrices, elles, demeurent : accompagnement des agricultures familiales, souverainet\u00e9 alimentaire, d\u00e9veloppement durable.<\/p>\n<h2>Trente ans d&rsquo;engagement et une vitalit\u00e9 intacte<\/h2>\n<p>Cette p\u00e9riode de transformation intervient dans un contexte de c\u00e9l\u00e9bration. SOS Faim a en effet marqu\u00e9 le cap de ses trente ans d&rsquo;existence, une long\u00e9vit\u00e9 remarquable pour une ONG qui a su traverser les crises, les mutations du secteur humanitaire et les \u00e9volutions des attentes du public. Comme le soulignait Paperjam \u00e0 cette occasion, ces trois d\u00e9cennies sont jalonn\u00e9es d&rsquo;actions concr\u00e8tes men\u00e9es aux c\u00f4t\u00e9s de paysans, de coop\u00e9ratives et de communaut\u00e9s rurales sur plusieurs continents.<\/p>\n<p>Parmi les projets r\u00e9cents figure \u00e9galement une initiative autour des semences paysannes \u00e0 Schifflange, au Luxembourg, illustrant l&rsquo;ancrage local que l&rsquo;organisation entretient parall\u00e8lement \u00e0 ses missions internationales. Ces \u00e9changes de semences symbolisent une philosophie : celle de la diversit\u00e9 agricole comme rempart contre la d\u00e9pendance alimentaire, une conviction qui court comme un fil rouge dans toutes les actions de l&rsquo;ONG depuis sa cr\u00e9ation.<\/p>\n<h2>Une ONG qui pense l&rsquo;avenir<\/h2>\n<p>Qu&rsquo;il s&rsquo;agisse de moderniser ses outils de collecte, de repenser son identit\u00e9 visuelle et nominale ou de multiplier les passerelles entre g\u00e9n\u00e9rosit\u00e9 quotidienne et engagement international, SOS Faim \u2014 demain Humundi \u2014 donne l&rsquo;image d&rsquo;une organisation en mouvement. Dans un secteur associatif souvent contraint \u00e0 l&rsquo;immobilisme faute de ressources, cette capacit\u00e9 d&rsquo;adaptation constitue un atout pr\u00e9cieux. L&rsquo;enjeu, d\u00e9sormais, sera de conserver la confiance de ses soutiens historiques tout en ouvrant ses portes \u00e0 de nouveaux publics, convaincus que lutter contre la faim dans le monde reste, plus que jamais, une urgence collective.<\/p>\n","protected":false},"excerpt":{"rendered":"<p>L&rsquo;organisation SOS Faim, pilier de la solidarit\u00e9 alimentaire internationale, traverse une p\u00e9riode de transformation majeure, entre adoption d&rsquo;outils num\u00e9riques innovants et changement de nom symbolique. Retour sur une structure qui, apr\u00e8s plus de trente ans d&rsquo;engagement, continue de r\u00e9inventer ses modes d&rsquo;action.<\/p>\n","protected":false},"author":0,"featured_media":273,"comment_status":"open","ping_status":"open","sticky":false,"template":"","format":"standard","meta":{"_jetpack_memberships_contains_paid_content":false,"footnotes":"","jetpack_publicize_message":"","jetpack_publicize_feature_enabled":true,"jetpack_social_post_already_shared":true,"jetpack_social_options":{"image_generator_settings":{"template":"highway","default_image_id":0,"font":"","enabled":false},"version":2}},"categories":[1],"tags":[],"class_list":["post-272","post","type-post","status-publish","format-standard","has-post-thumbnail","hentry","category-actu-innovation"],"jetpack_publicize_connections":[],"jetpack_featured_media_url":"https:\/\/mlousnbyskx9.i.optimole.com\/w:auto\/h:auto\/q:mauto\/f:best\/https:\/\/globalfood.cm\/wp-content\/uploads\/2026\/08\/acp-a-warm-and-hopeful-scene-showing-diverse-1787003864.jpg","jetpack_sharing_enabled":true,"_links":{"self":[{"href":"https:\/\/globalfood.cm\/index.php?rest_route=\/wp\/v2\/posts\/272","targetHints":{"allow":["GET"]}}],"collection":[{"href":"https:\/\/globalfood.cm\/index.php?rest_route=\/wp\/v2\/posts"}],"about":[{"href":"https:\/\/globalfood.cm\/index.php?rest_route=\/wp\/v2\/types\/post"}],"replies":[{"embeddable":true,"href":"https:\/\/globalfood.cm\/index.php?rest_route=%2Fwp%2Fv2%2Fcomments&post=272"}],"version-history":[{"count":0,"href":"https:\/\/globalfood.cm\/index.php?rest_route=\/wp\/v2\/posts\/272\/revisions"}],"wp:featuredmedia":[{"embeddable":true,"href":"https:\/\/globalfood.cm\/index.php?rest_route=\/wp\/v2\/media\/273"}],"wp:attachment":[{"href":"https:\/\/globalfood.cm\/index.php?rest_route=%2Fwp%2Fv2%2Fmedia&parent=272"}],"wp:term":[{"taxonomy":"category","embeddable":true,"href":"https:\/\/globalfood.cm\/index.php?rest_route=%2Fwp%2Fv2%2Fcategories&post=272"},{"taxonomy":"post_tag","embeddable":true,"href":"https:\/\/globalfood.cm\/index.php?rest_route=%2Fwp%2Fv2%2Ftags&post=272"}],"curies":[{"name":"wp","href":"https:\/\/api.w.org\/{rel}","templated":true}]}}