{"id":280,"date":"2026-08-18T21:47:22","date_gmt":"2026-08-18T21:47:22","guid":{"rendered":"https:\/\/globalfood.cm\/?p=280"},"modified":"2026-08-18T21:47:22","modified_gmt":"2026-08-18T21:47:22","slug":"avsf-quand-lexpertise-agronomique-et-veterinaire-se-met-au-service-des-paysans-du-monde","status":"publish","type":"post","link":"https:\/\/globalfood.cm\/?p=280","title":{"rendered":"AVSF : quand l&rsquo;expertise agronomique et v\u00e9t\u00e9rinaire se met au service des paysans du monde"},"content":{"rendered":"<p>Dans un monde o\u00f9 les syst\u00e8mes alimentaires sont de plus en plus questionn\u00e9s pour leur impact sur la sant\u00e9 humaine et environnementale, certaines organisations choisissent de placer les paysans et les \u00e9leveurs au centre de leurs pr\u00e9occupations. Agronomes et V\u00e9t\u00e9rinaires Sans Fronti\u00e8res (AVSF) fait partie de ces acteurs discrets mais essentiels de la solidarit\u00e9 internationale, dont l&rsquo;action m\u00e9rite d&rsquo;\u00eatre mieux connue.<\/p>\n<h2>Une ONG au service des agricultures paysannes du Sud<\/h2>\n<p>Fond\u00e9e il y a plusieurs d\u00e9cennies, AVSF mobilise des comp\u00e9tences techniques en agronomie et en m\u00e9decine v\u00e9t\u00e9rinaire pour accompagner des communaut\u00e9s rurales parmi les plus vuln\u00e9rables de la plan\u00e8te. L&rsquo;organisation intervient en Afrique, en Asie, en Am\u00e9rique latine et dans les pays du Caucase, aupr\u00e8s de populations dont la survie d\u00e9pend directement de la qualit\u00e9 de leurs terres, de leurs troupeaux et de leur acc\u00e8s aux ressources naturelles.<\/p>\n<p>Sa philosophie repose sur une conviction forte : les paysans et les \u00e9leveurs ne sont pas de simples b\u00e9n\u00e9ficiaires de l&rsquo;aide internationale, mais des acteurs capables de porter des solutions durables \u00e0 condition qu&rsquo;on leur en donne les moyens. Cette approche participative distingue AVSF d&rsquo;une aide humanitaire plus classique et lui conf\u00e8re une l\u00e9gitimit\u00e9 de terrain reconnue par ses partenaires locaux comme par les institutions internationales.<\/p>\n<h2>Le pastoralisme, un mode d&rsquo;\u00e9levage porteur de solutions climatiques<\/h2>\n<p>L&rsquo;un des axes forts du travail d&rsquo;AVSF concerne le soutien aux communaut\u00e9s pastorales, ces \u00e9leveurs nomades ou semi-nomades qui pratiquent la transhumance depuis des g\u00e9n\u00e9rations. Loin d&rsquo;\u00eatre un vestige du pass\u00e9, le pastoralisme repr\u00e9sente aujourd&rsquo;hui un mode de gestion des territoires particuli\u00e8rement adapt\u00e9 aux zones arides et semi-arides, l\u00e0 o\u00f9 l&rsquo;agriculture s\u00e9dentaire peine \u00e0 s&rsquo;imposer.<\/p>\n<p>Ces communaut\u00e9s d\u00e9tiennent un savoir-faire ancestral en mati\u00e8re de gestion durable des ressources naturelles. En permettant aux troupeaux de se d\u00e9placer selon les saisons et les ressources disponibles, elles contribuent \u00e0 pr\u00e9server la biodiversit\u00e9 des \u00e9cosyst\u00e8mes fragiles et \u00e0 entretenir des sols dont la capacit\u00e9 \u00e0 stocker le carbone est aujourd&rsquo;hui reconnue par la communaut\u00e9 scientifique. Des \u00e9changes entre \u00e9leveurs de diff\u00e9rents continents \u2014 comme ceux organis\u00e9s entre pasteurs s\u00e9n\u00e9galais et mongols \u2014 illustrent la richesse de ces savoirs et l&rsquo;int\u00e9r\u00eat de les faire dialoguer pour renforcer leur r\u00e9silience face au d\u00e9r\u00e8glement climatique.<\/p>\n<h2>L&rsquo;agro\u00e9cologie paysanne comme r\u00e9ponse aux crises alimentaires<\/h2>\n<p>AVSF est \u00e9galement un acteur engag\u00e9 dans la promotion de l&rsquo;agro\u00e9cologie, cette approche qui vise \u00e0 r\u00e9concilier la production agricole avec les \u00e9quilibres naturels. Face au constat que l&rsquo;agriculture intensive peut autant nourrir que fragiliser les populations \u2014 en d\u00e9gradant les sols, en contaminant les eaux et en exposant les agriculteurs \u00e0 des substances chimiques dangereuses \u2014 l&rsquo;organisation d\u00e9fend des pratiques alternatives fond\u00e9es sur la diversification des cultures, la r\u00e9duction des intrants chimiques et la valorisation des semences locales.<\/p>\n<p>Cette conviction s&rsquo;incarne notamment dans le Prix Beno\u00eet Maria pour l&rsquo;agro\u00e9cologie paysanne, dont la premi\u00e8re \u00e9dition a \u00e9t\u00e9 lanc\u00e9e r\u00e9cemment. Ce prix rend hommage \u00e0 un agronome d&rsquo;AVSF assassin\u00e9 au Guatemala alors qu&rsquo;il accompagnait des communaut\u00e9s indig\u00e8nes dans leurs projets agricoles. Originaire de Chartres, Beno\u00eet Maria \u00e9tait d\u00e9crit par ses proches et ses coll\u00e8gues comme quelqu&rsquo;un d&rsquo;impressionnant par sa connaissance des cultures autochtones et son engagement sans faille. Ce prix perp\u00e9tue sa m\u00e9moire tout en valorisant des initiatives paysannes exemplaires \u00e0 travers le monde.<\/p>\n<h2>Un engagement politique et citoyen affirm\u00e9<\/h2>\n<p>Au-del\u00e0 du terrain, AVSF s&rsquo;engage activement dans les d\u00e9bats de soci\u00e9t\u00e9 sur les politiques agricoles et alimentaires. L&rsquo;organisation plaide pour une transformation profonde des syst\u00e8mes alimentaires mondiaux, d\u00e9non\u00e7ant les mod\u00e8les productivistes qui concentrent les richesses entre quelques mains tout en appauvrissant des millions de petits producteurs.<\/p>\n<ul>\n<li>Soutien \u00e0 la souverainet\u00e9 alimentaire des peuples<\/li>\n<li>D\u00e9fense des droits des paysans et des \u00e9leveurs dans les instances internationales<\/li>\n<li>Promotion de l&rsquo;acc\u00e8s \u00e0 la terre et aux ressources naturelles pour les communaut\u00e9s rurales<\/li>\n<li>Plaidoyer pour une r\u00e9gulation des multinationales de l&rsquo;agrochimie et de l&rsquo;agroalimentaire<\/li>\n<\/ul>\n<p>Ces prises de position font d&rsquo;AVSF bien plus qu&rsquo;une ONG technique : c&rsquo;est une organisation qui assume une vision politique de la solidarit\u00e9 internationale, ancr\u00e9e dans la d\u00e9fense des droits humains et de la justice sociale.<\/p>\n<h2>Une expertise reconnue, une discr\u00e9tion \u00e0 surmonter<\/h2>\n<p>Malgr\u00e9 la qualit\u00e9 et l&rsquo;\u00e9tendue de son action, AVSF reste relativement m\u00e9connue du grand public francophone. Pourtant, ses programmes touchent chaque ann\u00e9e des centaines de milliers de b\u00e9n\u00e9ficiaires directs sur plusieurs continents, et son expertise est r\u00e9guli\u00e8rement sollicit\u00e9e par les institutions europ\u00e9ennes et les agences onusiennes. Soutenir AVSF, c&rsquo;est choisir de faire confiance \u00e0 une approche de la coop\u00e9ration internationale fond\u00e9e sur le respect des savoirs locaux, la durabilit\u00e9 des solutions et la dignit\u00e9 des populations accompagn\u00e9es.<\/p>\n<p>Dans un contexte o\u00f9 les crises climatiques, sanitaires et alimentaires se multiplient et s&rsquo;entrem\u00ealent, le mod\u00e8le port\u00e9 par AVSF appara\u00eet plus pertinent que jamais. Il rappelle que les r\u00e9ponses aux grands d\u00e9fis de notre \u00e9poque se trouvent souvent dans les pratiques de ceux que l&rsquo;on entend le moins.<\/p>\n","protected":false},"excerpt":{"rendered":"<p>Agronomes et V\u00e9t\u00e9rinaires Sans Fronti\u00e8res \u0153uvre depuis des d\u00e9cennies pour soutenir les agricultures paysannes et les communaut\u00e9s pastorales face aux d\u00e9fis du changement climatique. Portrait d&rsquo;une ONG engag\u00e9e qui place l&rsquo;agro\u00e9cologie et la solidarit\u00e9 internationale au c\u0153ur de son action.<\/p>\n","protected":false},"author":0,"featured_media":281,"comment_status":"open","ping_status":"open","sticky":false,"template":"","format":"standard","meta":{"_jetpack_memberships_contains_paid_content":false,"footnotes":"","jetpack_publicize_message":"","jetpack_publicize_feature_enabled":true,"jetpack_social_post_already_shared":true,"jetpack_social_options":{"image_generator_settings":{"template":"highway","default_image_id":0,"font":"","enabled":false},"version":2}},"categories":[1],"tags":[],"class_list":["post-280","post","type-post","status-publish","format-standard","has-post-thumbnail","hentry","category-actu-innovation"],"jetpack_publicize_connections":[],"jetpack_featured_media_url":"https:\/\/mlousnbyskx9.i.optimole.com\/w:auto\/h:auto\/q:mauto\/f:best\/https:\/\/globalfood.cm\/wp-content\/uploads\/2026\/08\/acp-a-diverse-group-of-farmers-and-herders-f-1787089645.jpg","jetpack_sharing_enabled":true,"_links":{"self":[{"href":"https:\/\/globalfood.cm\/index.php?rest_route=\/wp\/v2\/posts\/280","targetHints":{"allow":["GET"]}}],"collection":[{"href":"https:\/\/globalfood.cm\/index.php?rest_route=\/wp\/v2\/posts"}],"about":[{"href":"https:\/\/globalfood.cm\/index.php?rest_route=\/wp\/v2\/types\/post"}],"replies":[{"embeddable":true,"href":"https:\/\/globalfood.cm\/index.php?rest_route=%2Fwp%2Fv2%2Fcomments&post=280"}],"version-history":[{"count":0,"href":"https:\/\/globalfood.cm\/index.php?rest_route=\/wp\/v2\/posts\/280\/revisions"}],"wp:featuredmedia":[{"embeddable":true,"href":"https:\/\/globalfood.cm\/index.php?rest_route=\/wp\/v2\/media\/281"}],"wp:attachment":[{"href":"https:\/\/globalfood.cm\/index.php?rest_route=%2Fwp%2Fv2%2Fmedia&parent=280"}],"wp:term":[{"taxonomy":"category","embeddable":true,"href":"https:\/\/globalfood.cm\/index.php?rest_route=%2Fwp%2Fv2%2Fcategories&post=280"},{"taxonomy":"post_tag","embeddable":true,"href":"https:\/\/globalfood.cm\/index.php?rest_route=%2Fwp%2Fv2%2Ftags&post=280"}],"curies":[{"name":"wp","href":"https:\/\/api.w.org\/{rel}","templated":true}]}}