{"id":298,"date":"2026-08-22T09:47:33","date_gmt":"2026-08-22T09:47:33","guid":{"rendered":"https:\/\/globalfood.cm\/?p=298"},"modified":"2026-08-22T09:47:33","modified_gmt":"2026-08-22T09:47:33","slug":"securite-alimentaire-et-nutritionnelle-un-defi-mondial-qui-mobilise-etats-et-organisations-internationales","status":"publish","type":"post","link":"https:\/\/globalfood.cm\/?p=298","title":{"rendered":"S\u00e9curit\u00e9 alimentaire et nutritionnelle : un d\u00e9fi mondial qui mobilise \u00c9tats et organisations internationales"},"content":{"rendered":"<p>\u00c0 l&rsquo;heure o\u00f9 les crises g\u00e9opolitiques se multiplient et o\u00f9 les effets du changement climatique se font de plus en plus sentir, la question de l&rsquo;acc\u00e8s \u00e0 une alimentation suffisante et de qualit\u00e9 s&rsquo;impose comme un enjeu fondamental du XXIe si\u00e8cle. Des zones de conflit aux r\u00e9gions frapp\u00e9es par la s\u00e9cheresse, des millions de personnes font face quotidiennement \u00e0 l&rsquo;ins\u00e9curit\u00e9 alimentaire, tandis que la malnutrition continue de menacer la sant\u00e9 de populations enti\u00e8res, notamment les plus jeunes.<\/p>\n<h2>La France s&rsquo;engage : une initiative diplomatique pour lutter contre la faim<\/h2>\n<p>Sur le plan diplomatique, la France a renforc\u00e9 son positionnement en mati\u00e8re de s\u00e9curit\u00e9 alimentaire mondiale \u00e0 travers une initiative d\u00e9di\u00e9e, port\u00e9e par le minist\u00e8re des Affaires \u00e9trang\u00e8res. Cette d\u00e9marche s&rsquo;inscrit dans une volont\u00e9 affich\u00e9e de contribuer \u00e0 la construction d&rsquo;un monde plus \u00e9quitable, o\u00f9 l&rsquo;acc\u00e8s \u00e0 la nourriture ne serait plus un privil\u00e8ge mais un droit universel effectif. En mobilisant des financements, en soutenant des programmes de d\u00e9veloppement agricole et en favorisant la coop\u00e9ration multilat\u00e9rale, Paris entend peser sur les grandes orientations internationales en mati\u00e8re de nutrition et d&rsquo;alimentation durable. Cette initiative illustre la mont\u00e9e en puissance de la diplomatie alimentaire comme levier d&rsquo;influence et de solidarit\u00e9 \u00e0 l&rsquo;\u00e9chelle globale.<\/p>\n<h2>Gaza : une situation nutritionnelle alarmante qui perdure<\/h2>\n<p>Dans la bande de Gaza, la crise humanitaire atteint des proportions pr\u00e9occupantes. Selon l&rsquo;UNICEF, la d\u00e9t\u00e9rioration de la situation alimentaire et nutritionnelle ne montre aucun signe d&rsquo;am\u00e9lioration durable. Les enfants sont les premi\u00e8res victimes de cette d\u00e9gradation : la malnutrition aigu\u00eb progresse dans un contexte o\u00f9 l&rsquo;acheminement de l&rsquo;aide reste difficile, voire impossible dans certaines zones. Les infrastructures de sant\u00e9, d\u00e9j\u00e0 fragilis\u00e9es, peinent \u00e0 assurer une prise en charge adapt\u00e9e des cas les plus s\u00e9v\u00e8res. Cette situation illustre tragiquement le lien indissociable entre conflits arm\u00e9s et effondrement des syst\u00e8mes alimentaires locaux.<\/p>\n<h2>Tchad et Soudan du Sud : r\u00e9silience communautaire face aux crises chroniques<\/h2>\n<p>En Afrique subsaharienne, deux pays concentrent une attention particuli\u00e8re des acteurs humanitaires. Au Tchad, l&rsquo;ONG CARE France d\u00e9ploie des programmes visant \u00e0 renforcer la r\u00e9silience des communaut\u00e9s locales tout en assurant une prise en charge nutritionnelle adapt\u00e9e aux populations les plus vuln\u00e9rables. Dans un contexte de crise alimentaire structurelle, aggrav\u00e9e par les d\u00e9placements de populations et l&rsquo;instabilit\u00e9 r\u00e9gionale, ces interventions combinent distribution alimentaire d&rsquo;urgence et soutien \u00e0 long terme aux capacit\u00e9s agricoles locales.<\/p>\n<p>Au Soudan du Sud, la situation des r\u00e9fugi\u00e9s est particuli\u00e8rement pr\u00e9caire. Les Nations Unies tirent la sonnette d&rsquo;alarme : sans mobilisation financi\u00e8re urgente, des centaines de milliers de personnes d\u00e9plac\u00e9es pourraient se retrouver priv\u00e9es d&rsquo;aide alimentaire d\u00e8s l&rsquo;automne prochain. Ce sc\u00e9nario redout\u00e9 illustre la tension croissante entre les besoins humanitaires qui ne cessent de cro\u00eetre et les ressources disponibles qui, elles, stagnent ou diminuent. Le risque d&rsquo;une aggravation brutale de la faim dans cette r\u00e9gion repr\u00e9sente un v\u00e9ritable d\u00e9fi pour la communaut\u00e9 internationale.<\/p>\n<h2>S\u00e9n\u00e9gal : anticiper la p\u00e9riode de soudure par une coordination renforc\u00e9e<\/h2>\n<p>\u00c0 l&rsquo;\u00e9chelle nationale, le S\u00e9n\u00e9gal offre un exemple de gouvernance proactive en mati\u00e8re de s\u00e9curit\u00e9 alimentaire. Le gouvernement s\u00e9n\u00e9galais a r\u00e9uni plusieurs minist\u00e8res autour d&rsquo;une table pour anticiper les difficult\u00e9s li\u00e9es \u00e0 la p\u00e9riode de soudure, cette phase critique entre la fin des r\u00e9serves de la pr\u00e9c\u00e9dente r\u00e9colte et l&rsquo;arriv\u00e9e des nouvelles productions. Cette r\u00e9union interminist\u00e9rielle t\u00e9moigne d&rsquo;une prise de conscience politique forte : la gestion de la faim saisonni\u00e8re ne peut pas \u00eatre laiss\u00e9e au seul hasard climatique ou aux m\u00e9canismes du march\u00e9. Une coordination institutionnelle rigoureuse, associ\u00e9e \u00e0 des stocks strat\u00e9giques et des filets de protection sociale, constitue la meilleure r\u00e9ponse pr\u00e9ventive.<\/p>\n<h2>Des d\u00e9fis interconnect\u00e9s qui appellent des r\u00e9ponses globales<\/h2>\n<p>Ces diff\u00e9rentes situations, aussi diverses soient-elles dans leurs causes et leurs contextes, partagent plusieurs points communs. Elles r\u00e9v\u00e8lent d&rsquo;abord la vuln\u00e9rabilit\u00e9 syst\u00e9mique des populations les plus pauvres face aux chocs ext\u00e9rieurs, qu&rsquo;ils soient climatiques, \u00e9conomiques ou li\u00e9s \u00e0 des conflits. Elles montrent ensuite l&rsquo;importance cruciale d&rsquo;agir simultan\u00e9ment sur l&rsquo;urgence humanitaire et sur les causes profondes de l&rsquo;ins\u00e9curit\u00e9 alimentaire : pauvret\u00e9, in\u00e9galit\u00e9s, manque d&rsquo;investissement agricole, d\u00e9r\u00e8glement climatique.<\/p>\n<p>Les r\u00e9ponses efficaces combinent g\u00e9n\u00e9ralement plusieurs dimensions :<\/p>\n<ul>\n<li>L&rsquo;aide alimentaire d&rsquo;urgence pour sauver des vies imm\u00e9diates<\/li>\n<li>Les programmes de nutrition ciblant en priorit\u00e9 les enfants et les femmes enceintes<\/li>\n<li>Le renforcement des capacit\u00e9s agricoles locales pour une autonomie durable<\/li>\n<li>La mobilisation politique et financi\u00e8re des \u00c9tats et des bailleurs internationaux<\/li>\n<\/ul>\n<p>Face \u00e0 l&rsquo;ampleur du d\u00e9fi, la s\u00e9curit\u00e9 alimentaire et nutritionnelle mondiale exige plus que jamais une solidarit\u00e9 internationale renforc\u00e9e, des financements \u00e0 la hauteur des besoins et une volont\u00e9 politique sans faille pour transformer les engagements en actions concr\u00e8tes sur le terrain.<\/p>\n","protected":false},"excerpt":{"rendered":"<p>De Gaza au Tchad, en passant par le Soudan du Sud et le S\u00e9n\u00e9gal, la s\u00e9curit\u00e9 alimentaire et nutritionnelle reste l&rsquo;une des pr\u00e9occupations majeures de la communaut\u00e9 internationale. Tour d&rsquo;horizon des initiatives et des crises qui fa\u00e7onnent l&rsquo;agenda humanitaire mondial.<\/p>\n","protected":false},"author":0,"featured_media":299,"comment_status":"open","ping_status":"open","sticky":false,"template":"","format":"standard","meta":{"_jetpack_memberships_contains_paid_content":false,"footnotes":"","jetpack_publicize_message":"","jetpack_publicize_feature_enabled":true,"jetpack_social_post_already_shared":true,"jetpack_social_options":{"image_generator_settings":{"template":"highway","default_image_id":0,"font":"","enabled":false},"version":2}},"categories":[1],"tags":[],"class_list":["post-298","post","type-post","status-publish","format-standard","has-post-thumbnail","hentry","category-actu-innovation"],"jetpack_publicize_connections":[],"jetpack_featured_media_url":"https:\/\/mlousnbyskx9.i.optimole.com\/w:auto\/h:auto\/q:mauto\/f:best\/https:\/\/globalfood.cm\/wp-content\/uploads\/2026\/08\/acp-a-wide-photographic-composition-showing-1787392057.jpg","jetpack_sharing_enabled":true,"_links":{"self":[{"href":"https:\/\/globalfood.cm\/index.php?rest_route=\/wp\/v2\/posts\/298","targetHints":{"allow":["GET"]}}],"collection":[{"href":"https:\/\/globalfood.cm\/index.php?rest_route=\/wp\/v2\/posts"}],"about":[{"href":"https:\/\/globalfood.cm\/index.php?rest_route=\/wp\/v2\/types\/post"}],"replies":[{"embeddable":true,"href":"https:\/\/globalfood.cm\/index.php?rest_route=%2Fwp%2Fv2%2Fcomments&post=298"}],"version-history":[{"count":0,"href":"https:\/\/globalfood.cm\/index.php?rest_route=\/wp\/v2\/posts\/298\/revisions"}],"wp:featuredmedia":[{"embeddable":true,"href":"https:\/\/globalfood.cm\/index.php?rest_route=\/wp\/v2\/media\/299"}],"wp:attachment":[{"href":"https:\/\/globalfood.cm\/index.php?rest_route=%2Fwp%2Fv2%2Fmedia&parent=298"}],"wp:term":[{"taxonomy":"category","embeddable":true,"href":"https:\/\/globalfood.cm\/index.php?rest_route=%2Fwp%2Fv2%2Fcategories&post=298"},{"taxonomy":"post_tag","embeddable":true,"href":"https:\/\/globalfood.cm\/index.php?rest_route=%2Fwp%2Fv2%2Ftags&post=298"}],"curies":[{"name":"wp","href":"https:\/\/api.w.org\/{rel}","templated":true}]}}