{"id":300,"date":"2026-08-23T09:47:30","date_gmt":"2026-08-23T09:47:30","guid":{"rendered":"https:\/\/globalfood.cm\/?p=300"},"modified":"2026-08-23T09:47:30","modified_gmt":"2026-08-23T09:47:30","slug":"avsf-quand-agronomes-et-veterinaires-sengagent-pour-une-agriculture-mondiale-plus-juste-et-durable","status":"publish","type":"post","link":"https:\/\/globalfood.cm\/?p=300","title":{"rendered":"AVSF : quand agronomes et v\u00e9t\u00e9rinaires s&rsquo;engagent pour une agriculture mondiale plus juste et durable"},"content":{"rendered":"<p>Dans un monde o\u00f9 les syst\u00e8mes alimentaires sont de plus en plus questionn\u00e9s pour leur impact environnemental et social, une organisation fran\u00e7aise se distingue par son engagement de terrain aupr\u00e8s des populations rurales les plus fragilis\u00e9es : Agronomes et V\u00e9t\u00e9rinaires Sans Fronti\u00e8res, plus connue sous l&rsquo;acronyme AVSF. Fond\u00e9e sur la conviction que l&rsquo;agriculture peut \u00eatre \u00e0 la fois un levier de justice sociale et de pr\u00e9servation des \u00e9cosyst\u00e8mes, cette ONG d\u00e9ploie ses actions sur plusieurs continents, en Afrique, en Asie et en Am\u00e9rique latine.<\/p>\n<h2>Une mission ancr\u00e9e dans les r\u00e9alit\u00e9s du terrain<\/h2>\n<p>AVSF ne con\u00e7oit pas le d\u00e9veloppement agricole comme une s\u00e9rie de solutions import\u00e9es depuis les pays du Nord. Au contraire, l&rsquo;organisation fait le pari de valoriser les savoirs locaux et les pratiques traditionnelles pour construire des r\u00e9ponses adapt\u00e9es aux d\u00e9fis contemporains. Cette philosophie se traduit concr\u00e8tement dans des projets qui placent les communaut\u00e9s rurales au c\u0153ur des d\u00e9cisions, qu&rsquo;il s&rsquo;agisse de paysans d&rsquo;Afrique subsaharienne, d&rsquo;\u00e9leveurs nomades d&rsquo;Asie centrale ou de petits producteurs andins.<\/p>\n<p>L&rsquo;une des convictions centrales d&rsquo;AVSF est que l&rsquo;agriculture industrielle telle qu&rsquo;elle est pratiqu\u00e9e \u00e0 grande \u00e9chelle peut autant nuire que b\u00e9n\u00e9ficier aux populations. Les mod\u00e8les intensifs, grands consommateurs d&rsquo;intrants chimiques, fragilisent les sols, polluent les ressources en eau et exposent les agriculteurs \u00e0 des risques sanitaires r\u00e9els. Face \u00e0 ce constat, l&rsquo;ONG promeut activement les transitions vers des pratiques agro\u00e9cologiques, moins d\u00e9pendantes des produits de synth\u00e8se et davantage respectueuses des \u00e9quilibres naturels.<\/p>\n<h2>L&rsquo;\u00e9levage pastoral, un alli\u00e9 m\u00e9connu contre le changement climatique<\/h2>\n<p>Parmi les combats port\u00e9s par AVSF, la d\u00e9fense des communaut\u00e9s pastorales occupe une place particuli\u00e8rement importante. Ces \u00e9leveurs, qui pratiquent la transhumance depuis des g\u00e9n\u00e9rations en adaptant leurs d\u00e9placements aux ressources disponibles, sont souvent pr\u00e9sent\u00e9s \u00e0 tort comme des acteurs passifs face aux bouleversements climatiques. Or, les recherches et les exp\u00e9riences de terrain montrent que ces communaut\u00e9s d\u00e9tiennent des solutions pr\u00e9cieuses pour g\u00e9rer durablement les espaces naturels.<\/p>\n<p>En Afrique de l&rsquo;Ouest notamment, AVSF accompagne des projets visant \u00e0 renforcer les capacit\u00e9s des \u00e9leveurs pastoraux. Au S\u00e9n\u00e9gal, par exemple, des initiatives locales comme des foires d&rsquo;\u00e9levage permettent de valoriser les productions animales et de cr\u00e9er des espaces d&rsquo;\u00e9change entre acteurs de la fili\u00e8re. Ces \u00e9v\u00e9nements, soutenus par des organisations partenaires, contribuent \u00e0 structurer des fili\u00e8res locales plus r\u00e9silientes et \u00e0 am\u00e9liorer les revenus des \u00e9leveurs.<\/p>\n<p>L&rsquo;organisation va plus loin en favorisant des \u00e9changes Sud-Sud, comme en t\u00e9moignent les rencontres organis\u00e9es entre \u00e9leveurs s\u00e9n\u00e9galais et mongols, deux peuples aux traditions pastorales riches mais confront\u00e9s \u00e0 des d\u00e9fis similaires : pression fonci\u00e8re, d\u00e9r\u00e8glement climatique, marginalisation \u00e9conomique. Ce type de dialogue entre communaut\u00e9s permet un partage de pratiques innovantes sans passer par le prisme des mod\u00e8les occidentaux.<\/p>\n<h2>L&rsquo;agro\u00e9cologie paysanne au c\u0153ur des engagements<\/h2>\n<p>AVSF s&rsquo;implique \u00e9galement dans la reconnaissance et la promotion de l&rsquo;agro\u00e9cologie paysanne \u00e0 travers des initiatives concr\u00e8tes. La cr\u00e9ation du Prix Beno\u00eet Maria, dont la premi\u00e8re \u00e9dition a r\u00e9cemment \u00e9t\u00e9 lanc\u00e9e, illustre cette volont\u00e9 de mettre en lumi\u00e8re des acteurs souvent invisibles des transformations agricoles. Ce prix, pens\u00e9 pour honorer des pratiques agro\u00e9cologiques exemplaires port\u00e9es par des paysans ou des organisations de terrain, s&rsquo;inscrit dans une d\u00e9marche plus large visant \u00e0 changer les repr\u00e9sentations autour de l&rsquo;agriculture familiale.<\/p>\n<p>Car derri\u00e8re chaque projet soutenu par AVSF, il y a une ambition politique au sens noble du terme : d\u00e9montrer que les petits producteurs, bien accompagn\u00e9s et reconnus dans leurs droits, sont capables de nourrir leurs communaut\u00e9s tout en pr\u00e9servant la biodiversit\u00e9 et en contribuant \u00e0 l&rsquo;att\u00e9nuation du changement climatique.<\/p>\n<h2>Un mod\u00e8le de coop\u00e9ration \u00e0 d\u00e9fendre et \u00e0 amplifier<\/h2>\n<p>Dans un contexte international o\u00f9 les financements pour la coop\u00e9ration agricole sont soumis \u00e0 des arbitrages budg\u00e9taires difficiles, le mod\u00e8le port\u00e9 par AVSF m\u00e9rite une attention renouvel\u00e9e. En combinant expertise technique, respect des cultures locales et vision syst\u00e9mique des enjeux alimentaires, l&rsquo;organisation offre une alternative cr\u00e9dible aux approches purement productivistes.<\/p>\n<p>Ses \u00e9quipes de v\u00e9t\u00e9rinaires, d&rsquo;agronomes et de sp\u00e9cialistes du d\u00e9veloppement rural travaillent chaque jour \u00e0 tisser des liens entre science et pratiques traditionnelles, entre urgence climatique et justice sociale. Un engagement qui rappelle, si besoin \u00e9tait, que les solutions aux grands d\u00e9fis alimentaires du XXIe si\u00e8cle se construiront avec les populations rurales, et non sans elles.<\/p>\n","protected":false},"excerpt":{"rendered":"<p>Agronomes et V\u00e9t\u00e9rinaires Sans Fronti\u00e8res \u0153uvre depuis des d\u00e9cennies aux c\u00f4t\u00e9s des communaut\u00e9s rurales les plus vuln\u00e9rables pour promouvoir des mod\u00e8les agricoles durables. De l&rsquo;\u00e9levage pastoral africain \u00e0 l&rsquo;agro\u00e9cologie paysanne, l&rsquo;ONG fran\u00e7aise incarne une vision solidaire et \u00e9cologique du d\u00e9veloppement agricole.<\/p>\n","protected":false},"author":0,"featured_media":301,"comment_status":"open","ping_status":"open","sticky":false,"template":"","format":"standard","meta":{"_jetpack_memberships_contains_paid_content":false,"footnotes":"","jetpack_publicize_message":"","jetpack_publicize_feature_enabled":true,"jetpack_social_post_already_shared":true,"jetpack_social_options":{"image_generator_settings":{"template":"highway","default_image_id":0,"font":"","enabled":false},"version":2}},"categories":[1],"tags":[],"class_list":["post-300","post","type-post","status-publish","format-standard","has-post-thumbnail","hentry","category-actu-innovation"],"jetpack_publicize_connections":[],"jetpack_featured_media_url":"https:\/\/mlousnbyskx9.i.optimole.com\/w:auto\/h:auto\/q:mauto\/f:best\/https:\/\/globalfood.cm\/wp-content\/uploads\/2026\/08\/acp-a-diverse-group-of-farmers-and-veterinar-1787478454.jpg","jetpack_sharing_enabled":true,"_links":{"self":[{"href":"https:\/\/globalfood.cm\/index.php?rest_route=\/wp\/v2\/posts\/300","targetHints":{"allow":["GET"]}}],"collection":[{"href":"https:\/\/globalfood.cm\/index.php?rest_route=\/wp\/v2\/posts"}],"about":[{"href":"https:\/\/globalfood.cm\/index.php?rest_route=\/wp\/v2\/types\/post"}],"replies":[{"embeddable":true,"href":"https:\/\/globalfood.cm\/index.php?rest_route=%2Fwp%2Fv2%2Fcomments&post=300"}],"version-history":[{"count":0,"href":"https:\/\/globalfood.cm\/index.php?rest_route=\/wp\/v2\/posts\/300\/revisions"}],"wp:featuredmedia":[{"embeddable":true,"href":"https:\/\/globalfood.cm\/index.php?rest_route=\/wp\/v2\/media\/301"}],"wp:attachment":[{"href":"https:\/\/globalfood.cm\/index.php?rest_route=%2Fwp%2Fv2%2Fmedia&parent=300"}],"wp:term":[{"taxonomy":"category","embeddable":true,"href":"https:\/\/globalfood.cm\/index.php?rest_route=%2Fwp%2Fv2%2Fcategories&post=300"},{"taxonomy":"post_tag","embeddable":true,"href":"https:\/\/globalfood.cm\/index.php?rest_route=%2Fwp%2Fv2%2Ftags&post=300"}],"curies":[{"name":"wp","href":"https:\/\/api.w.org\/{rel}","templated":true}]}}