{"id":302,"date":"2026-08-23T21:47:27","date_gmt":"2026-08-23T21:47:27","guid":{"rendered":"https:\/\/globalfood.cm\/?p=302"},"modified":"2026-08-23T21:47:27","modified_gmt":"2026-08-23T21:47:27","slug":"sol-alternatives-agroecologiques-vers-une-agriculture-paysanne-souveraine-et-durable","status":"publish","type":"post","link":"https:\/\/globalfood.cm\/?p=302","title":{"rendered":"SOL Alternatives Agro\u00e9cologiques : vers une agriculture paysanne souveraine et durable"},"content":{"rendered":"<p>Dans un contexte agricole mondial marqu\u00e9 par des crises \u00e0 r\u00e9p\u00e9tition \u2014 climatique, \u00e9conomique, g\u00e9opolitique \u2014, l&rsquo;agro\u00e9cologie s&rsquo;impose de plus en plus comme une r\u00e9ponse coh\u00e9rente et structur\u00e9e aux impasses du mod\u00e8le intensif. L&rsquo;association <strong>SOL Alternatives Agro\u00e9cologiques<\/strong> incarne en France cette vision d&rsquo;une agriculture \u00e0 la fois respectueuse des \u00e9cosyst\u00e8mes et garante de la souverainet\u00e9 alimentaire des peuples.<\/p>\n<h2>SOL : un projet politique autant qu&rsquo;agronomique<\/h2>\n<p>Fond\u00e9e sur les principes de l&rsquo;agro\u00e9cologie paysanne, SOL ne se contente pas de promouvoir des pratiques culturales alternatives. L&rsquo;association porte une vision globale qui articule enjeux environnementaux, justice sociale et autonomie des agricultrices et agriculteurs. Pour ses membres, garantir la souverainet\u00e9 alimentaire implique de redonner aux paysans le contr\u00f4le de leurs semences, de leurs terres et de leurs modes de production, loin des logiques de d\u00e9pendance aux intrants chimiques ou aux semences brevet\u00e9es.<\/p>\n<p>Cette approche rejoint les pr\u00e9occupations exprim\u00e9es par de nombreuses organisations qui d\u00e9noncent l&rsquo;instrumentalisation de crises internationales \u2014 comme le conflit en Ukraine \u2014 pour l\u00e9gitimer un retour en arri\u00e8re vers des pratiques productivistes intensives. Vingt-six organisations ont ainsi pris position pour alerter sur ces tentatives de r\u00e9cup\u00e9ration politique, rappelant que la r\u00e9ponse aux crises alimentaires ne saurait reposer sur l&rsquo;intensification chimique, mais bien sur la diversification et la r\u00e9silience des syst\u00e8mes agricoles locaux.<\/p>\n<h2>L&rsquo;agro\u00e9cologie est-elle rentable ? La preuve par les faits<\/h2>\n<p>L&rsquo;un des arguments les plus fr\u00e9quemment oppos\u00e9s \u00e0 l&rsquo;agro\u00e9cologie est celui de la rentabilit\u00e9. Longtemps consid\u00e9r\u00e9e comme une pratique militante mais \u00e9conomiquement fragile, elle fait aujourd&rsquo;hui l&rsquo;objet d&rsquo;\u00e9tudes et de retours terrain qui tendent \u00e0 contredire ce pr\u00e9jug\u00e9. Des recherches r\u00e9centes d\u00e9montrent que la production de grandes cultures en agro\u00e9cologie peut effectivement d\u00e9gager des marges comparables, voire sup\u00e9rieures, \u00e0 celles de l&rsquo;agriculture conventionnelle, notamment gr\u00e2ce \u00e0 la r\u00e9duction des co\u00fbts d&rsquo;intrants et \u00e0 une meilleure valorisation des produits.<\/p>\n<p>Ces r\u00e9sultats encourageants reposent sur plusieurs leviers compl\u00e9mentaires :<\/p>\n<ul>\n<li><strong>La diversification des cultures<\/strong>, qui limite les risques climatiques et \u00e9conomiques tout en am\u00e9liorant la sant\u00e9 des sols ;<\/li>\n<li><strong>La r\u00e9duction des charges op\u00e9rationnelles<\/strong>, gr\u00e2ce \u00e0 l&rsquo;abandon progressif des produits phytosanitaires de synth\u00e8se ;<\/li>\n<li><strong>Le renforcement des circuits courts<\/strong>, qui am\u00e9liore la valeur ajout\u00e9e per\u00e7ue par le producteur ;<\/li>\n<li><strong>La fertilit\u00e9 durable des sols<\/strong>, obtenue par le travail du vivant plut\u00f4t que par des apports ext\u00e9rieurs co\u00fbteux.<\/li>\n<\/ul>\n<h2>Enseigner la transition : la p\u00e9dagogie au service du changement<\/h2>\n<p>Convaincre les agriculteurs de changer leurs pratiques ne suffit pas : encore faut-il former les nouvelles g\u00e9n\u00e9rations \u00e0 penser diff\u00e9remment le rapport \u00e0 la terre et aux \u00e9cosyst\u00e8mes. C&rsquo;est dans cette optique que l&rsquo;INRAE a d\u00e9velopp\u00e9 <em>La cl\u00e9 du sol<\/em>, un jeu s\u00e9rieux destin\u00e9 \u00e0 sensibiliser \u00e9l\u00e8ves, \u00e9tudiants et professionnels \u00e0 la transition agro\u00e9cologique. En simulant les interactions complexes entre sol, plantes, climat et pratiques agricoles, cet outil ludique et rigoureux permet de comprendre de mani\u00e8re concr\u00e8te pourquoi la sant\u00e9 des sols est au fondement de toute agriculture durable.<\/p>\n<p>Cette initiative illustre une tendance de fond : l&rsquo;agro\u00e9cologie ne se transmet plus uniquement de paysan \u00e0 paysan, elle int\u00e8gre d\u00e9sormais les cursus de formation agricole et les dispositifs de vulgarisation scientifique, ce qui lui conf\u00e8re une l\u00e9gitimit\u00e9 institutionnelle croissante.<\/p>\n<h2>Un mouvement mondial, des enjeux locaux<\/h2>\n<p>L&rsquo;agro\u00e9cologie n&rsquo;est pas un ph\u00e9nom\u00e8ne hexagonal isol\u00e9. \u00c0 l&rsquo;\u00e9chelle internationale, des collectifs, des ONG et des mouvements paysans portent des exp\u00e9riences similaires sur tous les continents, adapt\u00e9es aux r\u00e9alit\u00e9s climatiques, culturelles et \u00e9conomiques de chaque territoire. Des rencontres th\u00e9matiques permettent r\u00e9guli\u00e8rement d&rsquo;\u00e9changer sur ces pratiques, de tisser des solidarit\u00e9s et de construire des alternatives concr\u00e8tes \u00e0 la mondialisation agro-industrielle.<\/p>\n<p>Face aux d\u00e9fis du XXIe si\u00e8cle \u2014 d\u00e9r\u00e8glement climatique, effondrement de la biodiversit\u00e9, ins\u00e9curit\u00e9 alimentaire \u2014, l&rsquo;agro\u00e9cologie port\u00e9e par des acteurs comme SOL repr\u00e9sente bien plus qu&rsquo;une niche agronomique. Elle constitue une voie de transformation profonde des syst\u00e8mes alimentaires, ancr\u00e9e dans les territoires, respectueuse du vivant et porteuse d&rsquo;un autre mod\u00e8le de d\u00e9veloppement. Un mod\u00e8le o\u00f9 la terre n&rsquo;est pas un simple support de production, mais un bien commun \u00e0 pr\u00e9server pour les g\u00e9n\u00e9rations futures.<\/p>\n","protected":false},"excerpt":{"rendered":"<p>L&rsquo;association SOL Alternatives Agro\u00e9cologiques place l&rsquo;agro\u00e9cologie paysanne au c\u0153ur de la transition agricole, en d\u00e9fendant la souverainet\u00e9 alimentaire face aux mod\u00e8les productivistes. Entre exp\u00e9rimentations rentables, outils p\u00e9dagogiques innovants et engagement politique, le mouvement agro\u00e9cologique prend de l&rsquo;ampleur en France et dans le monde.<\/p>\n","protected":false},"author":0,"featured_media":303,"comment_status":"open","ping_status":"open","sticky":false,"template":"","format":"standard","meta":{"_jetpack_memberships_contains_paid_content":false,"footnotes":"","jetpack_publicize_message":"","jetpack_publicize_feature_enabled":true,"jetpack_social_post_already_shared":true,"jetpack_social_options":{"image_generator_settings":{"template":"highway","default_image_id":0,"font":"","enabled":false},"version":2}},"categories":[1],"tags":[],"class_list":["post-302","post","type-post","status-publish","format-standard","has-post-thumbnail","hentry","category-actu-innovation"],"jetpack_publicize_connections":[],"jetpack_featured_media_url":"https:\/\/mlousnbyskx9.i.optimole.com\/w:auto\/h:auto\/q:mauto\/f:best\/https:\/\/globalfood.cm\/wp-content\/uploads\/2026\/08\/acp-a-lush-green-farm-field-with-diverse-cro-1787521650.jpg","jetpack_sharing_enabled":true,"_links":{"self":[{"href":"https:\/\/globalfood.cm\/index.php?rest_route=\/wp\/v2\/posts\/302","targetHints":{"allow":["GET"]}}],"collection":[{"href":"https:\/\/globalfood.cm\/index.php?rest_route=\/wp\/v2\/posts"}],"about":[{"href":"https:\/\/globalfood.cm\/index.php?rest_route=\/wp\/v2\/types\/post"}],"replies":[{"embeddable":true,"href":"https:\/\/globalfood.cm\/index.php?rest_route=%2Fwp%2Fv2%2Fcomments&post=302"}],"version-history":[{"count":0,"href":"https:\/\/globalfood.cm\/index.php?rest_route=\/wp\/v2\/posts\/302\/revisions"}],"wp:featuredmedia":[{"embeddable":true,"href":"https:\/\/globalfood.cm\/index.php?rest_route=\/wp\/v2\/media\/303"}],"wp:attachment":[{"href":"https:\/\/globalfood.cm\/index.php?rest_route=%2Fwp%2Fv2%2Fmedia&parent=302"}],"wp:term":[{"taxonomy":"category","embeddable":true,"href":"https:\/\/globalfood.cm\/index.php?rest_route=%2Fwp%2Fv2%2Fcategories&post=302"},{"taxonomy":"post_tag","embeddable":true,"href":"https:\/\/globalfood.cm\/index.php?rest_route=%2Fwp%2Fv2%2Ftags&post=302"}],"curies":[{"name":"wp","href":"https:\/\/api.w.org\/{rel}","templated":true}]}}