{"id":306,"date":"2026-08-24T21:47:58","date_gmt":"2026-08-24T21:47:58","guid":{"rendered":"https:\/\/globalfood.cm\/?p=306"},"modified":"2026-08-24T21:47:58","modified_gmt":"2026-08-24T21:47:58","slug":"transformation-locale-des-produits-agricoles-une-revolution-en-marche-sur-plusieurs-continents","status":"publish","type":"post","link":"https:\/\/globalfood.cm\/?p=306","title":{"rendered":"Transformation locale des produits agricoles : une r\u00e9volution en marche sur plusieurs continents"},"content":{"rendered":"<p>Pendant des d\u00e9cennies, de nombreux pays producteurs se sont content\u00e9s d&rsquo;exporter leurs mati\u00e8res premi\u00e8res brutes, laissant \u00e0 d&rsquo;autres la capture de la valeur ajout\u00e9e. Cette logique est aujourd&rsquo;hui s\u00e9rieusement remise en question. De la C\u00f4te d&rsquo;Ivoire au Burkina Faso, du B\u00e9nin \u00e0 la Roumanie, en passant par les m\u00e9tropoles fran\u00e7aises, la transformation locale des produits agricoles s&rsquo;affirme comme un levier de d\u00e9veloppement incontournable.<\/p>\n<h2>L&rsquo;Afrique de l&rsquo;Ouest montre la voie<\/h2>\n<p>Le continent africain est particuli\u00e8rement actif sur ce front. En C\u00f4te d&rsquo;Ivoire, premier producteur mondial d&rsquo;anacarde, la question d&rsquo;une transformation accrue sur place fait l&rsquo;objet d&rsquo;un d\u00e9bat croissant. Si le pays exporte encore une large part de ses noix de cajou sous forme brute, les ambitions de renforcer les capacit\u00e9s industrielles locales gagnent du terrain. L&rsquo;enjeu est consid\u00e9rable : transformer l&rsquo;anacarde sur place permettrait de multiplier la valeur g\u00e9n\u00e9r\u00e9e, de cr\u00e9er des emplois durables et de r\u00e9duire la d\u00e9pendance aux fluctuations des cours mondiaux des mati\u00e8res premi\u00e8res.<\/p>\n<p>Au Burkina Faso, la d\u00e9marche est encore plus radicale. Les autorit\u00e9s ont choisi de suspendre les exportations de tomate fra\u00eeche pour orienter la production vers une industrialisation locale. Ce pari audacieux vise \u00e0 structurer une fili\u00e8re de transformation capable de produire des concentr\u00e9s, des conserves et d&rsquo;autres produits \u00e0 plus forte valeur marchande. Une d\u00e9cision qui illustre la volont\u00e9 de rompre avec un mod\u00e8le \u00e9conomique jug\u00e9 trop vuln\u00e9rable aux al\u00e9as ext\u00e9rieurs.<\/p>\n<p>Le B\u00e9nin, quant \u00e0 lui, incarne une trajectoire de transformation agricole plus progressive mais tout aussi ambitieuse. Le secteur primaire b\u00e9ninois a connu des mutations profondes ces derni\u00e8res ann\u00e9es, avec une mont\u00e9e en puissance des unit\u00e9s de transformation et une diversification des fili\u00e8res. Ce mod\u00e8le, encore perfectible, est d\u00e9sormais pr\u00e9sent\u00e9 comme une r\u00e9f\u00e9rence \u00e0 consolider et \u00e0 amplifier pour asseoir une croissance \u00e9conomique plus inclusive.<\/p>\n<h2>L&rsquo;Europe centrale et occidentale : coop\u00e9ration et circuits courts<\/h2>\n<p>La dynamique de transformation locale ne concerne pas uniquement les pays en d\u00e9veloppement. En Roumanie, un des greniers \u00e0 bl\u00e9 de l&rsquo;Union europ\u00e9enne, une prise de conscience s&rsquo;op\u00e8re autour de trois axes compl\u00e9mentaires : transformer davantage la production sur place, moderniser les syst\u00e8mes d&rsquo;irrigation pour s\u00e9curiser les r\u00e9coltes, et d\u00e9velopper la coop\u00e9ration entre agriculteurs. Ces nouvelles orientations visent \u00e0 sortir le pays d&rsquo;un positionnement trop centr\u00e9 sur l&rsquo;exportation de mati\u00e8res agricoles brutes au profit d&rsquo;une agriculture \u00e0 plus forte valeur ajout\u00e9e.<\/p>\n<p>En France, la transformation locale s&rsquo;inscrit dans une logique de circuits courts et d&rsquo;agriculture durable. Bordeaux M\u00e9tropole en est un bon exemple : la collectivit\u00e9 a lanc\u00e9 des appels \u00e0 projets destin\u00e9s \u00e0 soutenir les initiatives qui rapprochent producteurs et consommateurs, r\u00e9duisent les interm\u00e9diaires et favorisent des modes de production plus respectueux de l&rsquo;environnement. Cette approche territoriale de la transformation alimentaire r\u00e9pond \u00e0 une demande sociale forte : celle de consommateurs de plus en plus attentifs \u00e0 l&rsquo;origine et au mode de fabrication de ce qu&rsquo;ils mangent.<\/p>\n<h2>Pourquoi la transformation locale est-elle si strat\u00e9gique ?<\/h2>\n<p>Au-del\u00e0 des exemples nationaux, plusieurs raisons expliquent cet engouement global pour la transformation locale des produits agricoles :<\/p>\n<ul>\n<li><strong>Cr\u00e9ation de valeur ajout\u00e9e :<\/strong> transformer localement permet de capter une part bien plus importante des b\u00e9n\u00e9fices \u00e9conomiques g\u00e9n\u00e9r\u00e9s par la cha\u00eene alimentaire.<\/li>\n<li><strong>Emploi et d\u00e9veloppement territorial :<\/strong> les unit\u00e9s de transformation g\u00e9n\u00e8rent des postes qualifi\u00e9s dans des zones souvent fragilis\u00e9es \u00e9conomiquement.<\/li>\n<li><strong>R\u00e9silience face aux crises :<\/strong> une \u00e9conomie agricole diversifi\u00e9e et tourn\u00e9e vers la transformation est moins expos\u00e9e aux chocs li\u00e9s aux cours mondiaux des mati\u00e8res premi\u00e8res.<\/li>\n<li><strong>Souverainet\u00e9 alimentaire :<\/strong> ma\u00eetriser l&rsquo;ensemble de la cha\u00eene, de la production \u00e0 la mise sur le march\u00e9, renforce l&rsquo;autonomie des nations face aux d\u00e9pendances ext\u00e9rieures.<\/li>\n<li><strong>R\u00e9duction de l&#8217;empreinte carbone :<\/strong> en limitant les transports de longue distance, la transformation locale contribue \u00e0 diminuer l&rsquo;impact environnemental des fili\u00e8res alimentaires.<\/li>\n<\/ul>\n<h2>Des d\u00e9fis encore nombreux \u00e0 surmonter<\/h2>\n<p>Si la tendance est encourageante, elle se heurte encore \u00e0 des obstacles structurels importants. Le manque d&rsquo;infrastructures industrielles adapt\u00e9es, le co\u00fbt des \u00e9quipements, l&rsquo;acc\u00e8s au financement ou encore la formation des travailleurs constituent autant de freins dans les pays \u00e0 revenus faibles ou interm\u00e9diaires. En Europe, c&rsquo;est davantage la rentabilit\u00e9 des fili\u00e8res courtes face \u00e0 la grande distribution qui pose question.<\/p>\n<p>Malgr\u00e9 ces d\u00e9fis, la transformation locale des produits agricoles semble bel et bien en train de s&rsquo;imposer comme un nouveau paradigme du d\u00e9veloppement \u00e9conomique durable. La convergence des initiatives observ\u00e9es sur plusieurs continents t\u00e9moigne d&rsquo;une prise de conscience collective : la richesse agricole d&rsquo;un territoire ne se mesure plus seulement \u00e0 ce qu&rsquo;il produit, mais surtout \u00e0 ce qu&rsquo;il est capable d&rsquo;en faire.<\/p>\n","protected":false},"excerpt":{"rendered":"<p>De l&rsquo;Afrique de l&rsquo;Ouest \u00e0 l&rsquo;Europe centrale, la transformation locale des produits agricoles s&rsquo;impose comme une priorit\u00e9 strat\u00e9gique pour de nombreux pays. Ce mouvement global red\u00e9finit les cha\u00eenes de valeur et ouvre de nouvelles perspectives \u00e9conomiques pour les territoires ruraux.<\/p>\n","protected":false},"author":0,"featured_media":307,"comment_status":"open","ping_status":"open","sticky":false,"template":"","format":"standard","meta":{"_jetpack_memberships_contains_paid_content":false,"footnotes":"","jetpack_publicize_message":"","jetpack_publicize_feature_enabled":true,"jetpack_social_post_already_shared":true,"jetpack_social_options":{"image_generator_settings":{"template":"highway","default_image_id":0,"font":"","enabled":false},"version":2}},"categories":[1],"tags":[],"class_list":["post-306","post","type-post","status-publish","format-standard","has-post-thumbnail","hentry","category-actu-innovation"],"jetpack_publicize_connections":[],"jetpack_featured_media_url":"https:\/\/mlousnbyskx9.i.optimole.com\/w:auto\/h:auto\/q:mauto\/f:best\/https:\/\/globalfood.cm\/wp-content\/uploads\/2026\/08\/acp-a-vibrant-split-scene-illustration-showi-1787608082.jpg","jetpack_sharing_enabled":true,"_links":{"self":[{"href":"https:\/\/globalfood.cm\/index.php?rest_route=\/wp\/v2\/posts\/306","targetHints":{"allow":["GET"]}}],"collection":[{"href":"https:\/\/globalfood.cm\/index.php?rest_route=\/wp\/v2\/posts"}],"about":[{"href":"https:\/\/globalfood.cm\/index.php?rest_route=\/wp\/v2\/types\/post"}],"replies":[{"embeddable":true,"href":"https:\/\/globalfood.cm\/index.php?rest_route=%2Fwp%2Fv2%2Fcomments&post=306"}],"version-history":[{"count":0,"href":"https:\/\/globalfood.cm\/index.php?rest_route=\/wp\/v2\/posts\/306\/revisions"}],"wp:featuredmedia":[{"embeddable":true,"href":"https:\/\/globalfood.cm\/index.php?rest_route=\/wp\/v2\/media\/307"}],"wp:attachment":[{"href":"https:\/\/globalfood.cm\/index.php?rest_route=%2Fwp%2Fv2%2Fmedia&parent=306"}],"wp:term":[{"taxonomy":"category","embeddable":true,"href":"https:\/\/globalfood.cm\/index.php?rest_route=%2Fwp%2Fv2%2Fcategories&post=306"},{"taxonomy":"post_tag","embeddable":true,"href":"https:\/\/globalfood.cm\/index.php?rest_route=%2Fwp%2Fv2%2Ftags&post=306"}],"curies":[{"name":"wp","href":"https:\/\/api.w.org\/{rel}","templated":true}]}}