{"id":308,"date":"2026-08-25T09:47:31","date_gmt":"2026-08-25T09:47:31","guid":{"rendered":"https:\/\/globalfood.cm\/?p=308"},"modified":"2026-08-25T09:47:31","modified_gmt":"2026-08-25T09:47:31","slug":"pam-tour-dhorizon-dun-sigle-aux-multiples-visages","status":"publish","type":"post","link":"https:\/\/globalfood.cm\/?p=308","title":{"rendered":"PAM : tour d&rsquo;horizon d&rsquo;un sigle aux multiples visages"},"content":{"rendered":"<p>Trois lettres, une multitude de significations. Le sigle PAM irrigue des domaines aussi vari\u00e9s que l&rsquo;aide humanitaire internationale, la s\u00e9curit\u00e9 informatique des entreprises, la politique agricole fran\u00e7aise ou encore la vie politique marocaine. Ce foisonnement refl\u00e8te, \u00e0 lui seul, la complexit\u00e9 du monde contemporain o\u00f9 un m\u00eame acronyme peut d\u00e9signer des r\u00e9alit\u00e9s radicalement oppos\u00e9es. Faire le point sur ces diff\u00e9rentes acceptions permet de mieux comprendre les enjeux qui leur sont associ\u00e9s.<\/p>\n<h2>Le PAM onusien : une course permanente contre la faim<\/h2>\n<p>Dans le vocabulaire de l&rsquo;aide internationale, le PAM d\u00e9signe le Programme Alimentaire Mondial, l&rsquo;agence des Nations Unies charg\u00e9e de lutter contre la faim dans le monde. Et son actualit\u00e9 r\u00e9cente est particuli\u00e8rement pr\u00e9occupante. En Somalie, l&rsquo;organisation tire la sonnette d&rsquo;alarme face \u00e0 une d\u00e9t\u00e9rioration continue de la situation nutritionnelle et r\u00e9clame une enveloppe de pr\u00e8s de 200 millions de dollars pour faire face \u00e0 l&rsquo;aggravation de la crise alimentaire qui frappe le pays. S\u00e9cheresses r\u00e9p\u00e9t\u00e9es, instabilit\u00e9 politique chronique et effondrement des capacit\u00e9s agricoles locales forment un cocktail d\u00e9vastateur qui pousse des millions de Somaliens vers l&rsquo;ins\u00e9curit\u00e9 alimentaire s\u00e9v\u00e8re. Cette demande d&rsquo;urgence illustre la pression croissante qui p\u00e8se sur les organisations humanitaires dans un contexte mondial de multiplication des crises simultan\u00e9es.<\/p>\n<h2>Cybers\u00e9curit\u00e9 : le PAM comme rempart contre les menaces internes<\/h2>\n<p>Dans l&rsquo;univers de l&rsquo;informatique et de la protection des syst\u00e8mes d&rsquo;information, le PAM \u2014 pour <em>Privileged Access Management<\/em> \u2014 d\u00e9signe un ensemble de solutions visant \u00e0 contr\u00f4ler et s\u00e9curiser les acc\u00e8s privil\u00e9gi\u00e9s au sein des infrastructures num\u00e9riques d&rsquo;une organisation. Ces outils permettent de g\u00e9rer les droits d&rsquo;acc\u00e8s des utilisateurs disposant de permissions \u00e9lev\u00e9es, comme les administrateurs syst\u00e8mes, afin de limiter les risques de cyberattaques ou de fuites de donn\u00e9es. Face \u00e0 la recrudescence des incidents de s\u00e9curit\u00e9 ciblant les comptes \u00e0 hauts privil\u00e8ges, le march\u00e9 des solutions PAM conna\u00eet une croissance soutenue. Il existe d\u00e9sormais plusieurs solutions gratuites ou open source permettant aux entreprises, notamment les plus modestes, de se doter d&rsquo;une protection de base sans engager de budgets prohibitifs. Cette d\u00e9mocratisation des outils de cybers\u00e9curit\u00e9 repr\u00e9sente une avanc\u00e9e notable pour renforcer la r\u00e9silience num\u00e9rique des organisations de toute taille.<\/p>\n<h2>Agriculture m\u00e9diterran\u00e9enne : un plan strat\u00e9gique pour des territoires fragiles<\/h2>\n<p>En France, le PAM rev\u00eat une dimension agricole et territoriale avec le Plan Agriculture M\u00e9diterran\u00e9e. Port\u00e9 par le minist\u00e8re de l&rsquo;Agriculture, ce dispositif vise \u00e0 accompagner les exploitants des r\u00e9gions m\u00e9diterran\u00e9ennes fran\u00e7aises, confront\u00e9s \u00e0 des d\u00e9fis climatiques et \u00e9conomiques sp\u00e9cifiques. Les zones concern\u00e9es sont expos\u00e9es \u00e0 des al\u00e9as particuliers : s\u00e9cheresses estivales prolong\u00e9es, risques d&rsquo;incendie, variabilit\u00e9 des pr\u00e9cipitations et pression fonci\u00e8re intense. Le plan entend proposer des r\u00e9ponses adapt\u00e9es, en soutenant notamment la diversification des cultures, l&rsquo;adoption de pratiques agro-\u00e9cologiques et le renforcement de la r\u00e9silience des exploitations face au changement climatique. Dans un contexte o\u00f9 l&rsquo;agriculture m\u00e9diterran\u00e9enne fran\u00e7aise joue un r\u00f4le identitaire et \u00e9conomique fort \u2014 vigne, olivier, mara\u00eechage, \u00e9levage ovin \u2014, ce cadre d&rsquo;intervention strat\u00e9gique se veut un levier de transformation durable du secteur.<\/p>\n<h2>Maroc : le PAM comme sc\u00e8ne de recompositions politiques<\/h2>\n<p>Au Maroc, le PAM \u2014 Parti Authenticit\u00e9 et Modernit\u00e9 \u2014 continue de faire parler de lui sur la sc\u00e8ne politique nationale. La d\u00e9mission de Kenza Chraibi, figure montante du parti, illustre les tensions internes qui traversent cette formation. Assumant pleinement ce choix de rupture, l&rsquo;\u00e9lue \u00e9voque la n\u00e9cessit\u00e9 de d\u00e9fendre un projet politique propre, distinct de celui port\u00e9 par la direction actuelle du parti. Ce type de d\u00e9part fracassant, souvent r\u00e9v\u00e9lateur de divergences profondes sur la ligne strat\u00e9gique ou les ambitions \u00e9lectorales, n&rsquo;est pas sans rappeler les recompositions r\u00e9currentes qui caract\u00e9risent le paysage partisan marocain. Le PAM, cr\u00e9\u00e9 en 2008, a toujours \u00e9t\u00e9 per\u00e7u comme un parti aux contours id\u00e9ologiques flous, ce qui le rend particuli\u00e8rement vuln\u00e9rable aux dissensions internes.<\/p>\n<h2>Un acronyme, des enjeux multiples<\/h2>\n<p>Ce tour d&rsquo;horizon met en lumi\u00e8re une r\u00e9alit\u00e9 souvent n\u00e9glig\u00e9e : les acronymes ne sont pas de simples abr\u00e9viations techniques, mais des condens\u00e9s d&rsquo;enjeux humains, \u00e9conomiques et politiques. Que l&rsquo;on parle de nourrir des populations en d\u00e9tresse, de prot\u00e9ger des syst\u00e8mes informatiques critiques, de soutenir des agriculteurs face au d\u00e9r\u00e8glement climatique ou de naviguer dans les eaux agit\u00e9es de la politique partisane, le PAM cristallise \u00e0 chaque fois des d\u00e9fis contemporains majeurs. Savoir de quel PAM il est question, c&rsquo;est d\u00e9j\u00e0 commencer \u00e0 comprendre le monde dans lequel nous vivons.<\/p>\n","protected":false},"excerpt":{"rendered":"<p>Derri\u00e8re l&rsquo;acronyme PAM se cachent des r\u00e9alit\u00e9s tr\u00e8s diff\u00e9rentes : aide alimentaire mondiale, cybers\u00e9curit\u00e9, agriculture m\u00e9diterran\u00e9enne ou encore politique marocaine. D\u00e9cryptage d&rsquo;un sigle prot\u00e9iforme qui s&rsquo;invite dans l&rsquo;actualit\u00e9 sous de nombreuses formes.<\/p>\n","protected":false},"author":0,"featured_media":309,"comment_status":"open","ping_status":"open","sticky":false,"template":"","format":"standard","meta":{"_jetpack_memberships_contains_paid_content":false,"footnotes":"","jetpack_publicize_message":"","jetpack_publicize_feature_enabled":true,"jetpack_social_post_already_shared":true,"jetpack_social_options":{"image_generator_settings":{"template":"highway","default_image_id":0,"font":"","enabled":false},"version":2}},"categories":[1],"tags":[],"class_list":["post-308","post","type-post","status-publish","format-standard","has-post-thumbnail","hentry","category-actu-innovation"],"jetpack_publicize_connections":[],"jetpack_featured_media_url":"https:\/\/mlousnbyskx9.i.optimole.com\/w:auto\/h:auto\/q:mauto\/f:best\/https:\/\/globalfood.cm\/wp-content\/uploads\/2026\/08\/acp-a-conceptual-flat-design-illustration-sh-1787651255.jpg","jetpack_sharing_enabled":true,"_links":{"self":[{"href":"https:\/\/globalfood.cm\/index.php?rest_route=\/wp\/v2\/posts\/308","targetHints":{"allow":["GET"]}}],"collection":[{"href":"https:\/\/globalfood.cm\/index.php?rest_route=\/wp\/v2\/posts"}],"about":[{"href":"https:\/\/globalfood.cm\/index.php?rest_route=\/wp\/v2\/types\/post"}],"replies":[{"embeddable":true,"href":"https:\/\/globalfood.cm\/index.php?rest_route=%2Fwp%2Fv2%2Fcomments&post=308"}],"version-history":[{"count":0,"href":"https:\/\/globalfood.cm\/index.php?rest_route=\/wp\/v2\/posts\/308\/revisions"}],"wp:featuredmedia":[{"embeddable":true,"href":"https:\/\/globalfood.cm\/index.php?rest_route=\/wp\/v2\/media\/309"}],"wp:attachment":[{"href":"https:\/\/globalfood.cm\/index.php?rest_route=%2Fwp%2Fv2%2Fmedia&parent=308"}],"wp:term":[{"taxonomy":"category","embeddable":true,"href":"https:\/\/globalfood.cm\/index.php?rest_route=%2Fwp%2Fv2%2Fcategories&post=308"},{"taxonomy":"post_tag","embeddable":true,"href":"https:\/\/globalfood.cm\/index.php?rest_route=%2Fwp%2Fv2%2Ftags&post=308"}],"curies":[{"name":"wp","href":"https:\/\/api.w.org\/{rel}","templated":true}]}}