{"id":318,"date":"2026-08-26T21:47:32","date_gmt":"2026-08-26T21:47:32","guid":{"rendered":"https:\/\/globalfood.cm\/?p=318"},"modified":"2026-08-26T21:47:32","modified_gmt":"2026-08-26T21:47:32","slug":"sos-faim-une-ong-luxembourgeoise-qui-reinvente-la-solidarite-contre-la-faim-dans-le-monde","status":"publish","type":"post","link":"https:\/\/globalfood.cm\/?p=318","title":{"rendered":"SOS Faim : une ONG luxembourgeoise qui r\u00e9invente la solidarit\u00e9 contre la faim dans le monde"},"content":{"rendered":"<p>Dans un monde o\u00f9 pr\u00e8s de 800 millions de personnes souffrent encore de la faim, les organisations non gouvernementales sp\u00e9cialis\u00e9es dans la s\u00e9curit\u00e9 alimentaire jouent un r\u00f4le fondamental. Au Luxembourg, SOS Faim figure parmi les acteurs les plus engag\u00e9s de cette lutte, fort d&rsquo;une exp\u00e9rience accumul\u00e9e sur trois d\u00e9cennies d&rsquo;actions concr\u00e8tes et de projets de d\u00e9veloppement men\u00e9s dans plusieurs pays du Sud.<\/p>\n<h2>Trente ans d&rsquo;engagement au service de la souverainet\u00e9 alimentaire<\/h2>\n<p>Fond\u00e9e il y a plus de 30 ans, SOS Faim Luxembourg a construit au fil du temps un r\u00e9seau solide d&rsquo;interventions, tant sur le terrain qu&rsquo;en mati\u00e8re de sensibilisation des populations europ\u00e9ennes. L&rsquo;organisation ne se contente pas de distribuer une aide d&rsquo;urgence : elle adopte une approche structurelle qui vise \u00e0 renforcer les capacit\u00e9s des communaut\u00e9s agricoles locales dans les pays partenaires. En soutenant des coop\u00e9ratives paysannes, en facilitant l&rsquo;acc\u00e8s aux semences et en promouvant une agriculture durable, SOS Faim entend s&rsquo;attaquer aux racines profondes de l&rsquo;ins\u00e9curit\u00e9 alimentaire plut\u00f4t qu&rsquo;\u00e0 ses seules manifestations imm\u00e9diates.<\/p>\n<p>Cette philosophie d&rsquo;action a permis \u00e0 l&rsquo;organisation d&rsquo;accumuler un v\u00e9ritable catalogue d&rsquo;initiatives qui, au fil des ann\u00e9es, ont contribu\u00e9 \u00e0 am\u00e9liorer les conditions de vie de milliers de familles rurales en Afrique, en Am\u00e9rique latine et dans d&rsquo;autres r\u00e9gions vuln\u00e9rables. Chaque projet est pens\u00e9 dans une logique de durabilit\u00e9 et d&rsquo;autonomisation, deux valeurs cardinales qui guident l&rsquo;ensemble des programmes de SOS Faim.<\/p>\n<h2>La num\u00e9risation de la g\u00e9n\u00e9rosit\u00e9 : le partenariat avec Pluxee<\/h2>\n<p>Pour continuer \u00e0 financer ses actions, SOS Faim s&rsquo;adapte aux \u00e9volutions des comportements de consommation et de don. L&rsquo;un des exemples les plus r\u00e9cents et les plus significatifs de cette capacit\u00e9 d&rsquo;adaptation est le partenariat nou\u00e9 avec Pluxee, l&rsquo;op\u00e9rateur de la carte-repas bien connue des salari\u00e9s luxembourgeois et frontaliers.<\/p>\n<p>Concr\u00e8tement, les d\u00e9tenteurs de la carte Pluxee ont d\u00e9sormais la possibilit\u00e9 de diriger une partie de leurs avantages vers SOS Faim, transformant ainsi un outil du quotidien en vecteur de solidarit\u00e9 internationale. Cette initiative illustre parfaitement la tendance \u00e0 int\u00e9grer la g\u00e9n\u00e9rosit\u00e9 dans des gestes ordinaires, sans que le donateur ait \u00e0 modifier profond\u00e9ment ses habitudes. En rendant le don plus accessible et plus intuitif, SOS Faim esp\u00e8re \u00e9largir consid\u00e9rablement sa base de soutiens au sein de la population active luxembourgeoise et frontali\u00e8re.<\/p>\n<p>Ce type de partenariat public-priv\u00e9 innovant constitue une r\u00e9ponse intelligente aux d\u00e9fis du financement associatif \u00e0 l&rsquo;\u00e8re num\u00e9rique. Il permet \u00e0 l&rsquo;organisation de diversifier ses sources de revenus tout en sensibilisant de nouveaux publics \u00e0 la cause de la lutte contre la faim.<\/p>\n<h2>Des actions locales au service d&rsquo;une vision globale<\/h2>\n<p>La solidarit\u00e9 promue par SOS Faim ne se limite pas aux fronti\u00e8res du Grand-Duch\u00e9 ou aux projets lointains. L&rsquo;organisation multiplie \u00e9galement les initiatives de proximit\u00e9 pour ancrer son message dans le quotidien des citoyens luxembourgeois. Parmi ces actions, on peut notamment citer des \u00e9v\u00e9nements autour des semences paysannes, comme ceux organis\u00e9s \u00e0 Schifflange, qui visent \u00e0 sensibiliser le grand public \u00e0 l&rsquo;importance de la biodiversit\u00e9 agricole et \u00e0 la pr\u00e9servation des savoirs traditionnels li\u00e9s \u00e0 la culture des plantes vivri\u00e8res.<\/p>\n<p>Ces manifestations locales remplissent une double fonction : elles cr\u00e9ent du lien social autour des enjeux alimentaires et elles permettent \u00e0 SOS Faim de tisser des ponts entre les pratiques agricoles du Nord et celles que l&rsquo;organisation soutient dans les pays du Sud. L&rsquo;id\u00e9e est simple mais puissante : en comprenant mieux d&rsquo;o\u00f9 vient notre nourriture et quelles menaces p\u00e8sent sur les syst\u00e8mes alimentaires \u00e0 l&rsquo;\u00e9chelle mondiale, chaque citoyen devient potentiellement un acteur du changement.<\/p>\n<h2>Un mod\u00e8le inspirant pour la solidarit\u00e9 internationale<\/h2>\n<p>Ce qui distingue SOS Faim dans le paysage des ONG actives au Luxembourg, c&rsquo;est sans doute sa capacit\u00e9 \u00e0 combiner rigueur programmatique, innovation dans la collecte de fonds et ancrage dans la r\u00e9alit\u00e9 locale. En c\u00e9l\u00e9brant ses 30 ans d&rsquo;existence avec un bilan riche en actions concr\u00e8tes, l&rsquo;organisation d\u00e9montre qu&rsquo;une approche patiente, fond\u00e9e sur le respect des communaut\u00e9s b\u00e9n\u00e9ficiaires et sur des partenariats diversifi\u00e9s, peut produire des r\u00e9sultats durables.<\/p>\n<p>\u00c0 l&rsquo;heure o\u00f9 les crises climatiques et \u00e9conomiques accentuent les fragilit\u00e9s des syst\u00e8mes alimentaires mondiaux, le mod\u00e8le de SOS Faim appara\u00eet plus pertinent que jamais. En conjuguant innovation num\u00e9rique, mobilisation citoyenne et expertise agronomique, cette organisation luxembourgeoise prouve qu&rsquo;il est possible de faire bouger les lignes, un projet \u00e0 la fois, un don \u00e0 la fois, une graine \u00e0 la fois.<\/p>\n","protected":false},"excerpt":{"rendered":"<p>Depuis plus de 30 ans, SOS Faim \u0153uvre au Luxembourg et au-del\u00e0 pour combattre l&rsquo;ins\u00e9curit\u00e9 alimentaire \u00e0 travers des initiatives innovantes et des partenariats inattendus. Entre num\u00e9risation des dons et actions de terrain, l&rsquo;organisation continue de faire \u00e9voluer ses m\u00e9thodes pour maximiser son impact.<\/p>\n","protected":false},"author":0,"featured_media":319,"comment_status":"open","ping_status":"open","sticky":false,"template":"","format":"standard","meta":{"_jetpack_memberships_contains_paid_content":false,"footnotes":"","jetpack_publicize_message":"","jetpack_publicize_feature_enabled":true,"jetpack_social_post_already_shared":true,"jetpack_social_options":{"image_generator_settings":{"template":"highway","default_image_id":0,"font":"","enabled":false},"version":2}},"categories":[1],"tags":[],"class_list":["post-318","post","type-post","status-publish","format-standard","has-post-thumbnail","hentry","category-actu-innovation"],"jetpack_publicize_connections":[],"jetpack_featured_media_url":"https:\/\/mlousnbyskx9.i.optimole.com\/w:auto\/h:auto\/q:mauto\/f:best\/https:\/\/globalfood.cm\/wp-content\/uploads\/2026\/08\/acp-a-warm-and-hopeful-scene-showing-diverse-1787780855.jpg","jetpack_sharing_enabled":true,"_links":{"self":[{"href":"https:\/\/globalfood.cm\/index.php?rest_route=\/wp\/v2\/posts\/318","targetHints":{"allow":["GET"]}}],"collection":[{"href":"https:\/\/globalfood.cm\/index.php?rest_route=\/wp\/v2\/posts"}],"about":[{"href":"https:\/\/globalfood.cm\/index.php?rest_route=\/wp\/v2\/types\/post"}],"replies":[{"embeddable":true,"href":"https:\/\/globalfood.cm\/index.php?rest_route=%2Fwp%2Fv2%2Fcomments&post=318"}],"version-history":[{"count":0,"href":"https:\/\/globalfood.cm\/index.php?rest_route=\/wp\/v2\/posts\/318\/revisions"}],"wp:featuredmedia":[{"embeddable":true,"href":"https:\/\/globalfood.cm\/index.php?rest_route=\/wp\/v2\/media\/319"}],"wp:attachment":[{"href":"https:\/\/globalfood.cm\/index.php?rest_route=%2Fwp%2Fv2%2Fmedia&parent=318"}],"wp:term":[{"taxonomy":"category","embeddable":true,"href":"https:\/\/globalfood.cm\/index.php?rest_route=%2Fwp%2Fv2%2Fcategories&post=318"},{"taxonomy":"post_tag","embeddable":true,"href":"https:\/\/globalfood.cm\/index.php?rest_route=%2Fwp%2Fv2%2Ftags&post=318"}],"curies":[{"name":"wp","href":"https:\/\/api.w.org\/{rel}","templated":true}]}}