{"id":320,"date":"2026-08-27T11:00:31","date_gmt":"2026-08-27T11:00:31","guid":{"rendered":"https:\/\/globalfood.cm\/?p=320"},"modified":"2026-08-27T11:00:33","modified_gmt":"2026-08-27T11:00:33","slug":"recherche-et-mecanisation-lirad-et-le-ceneema-sallient-pour-une-agriculture-plus-productive","status":"publish","type":"post","link":"https:\/\/globalfood.cm\/?p=320","title":{"rendered":"Recherche et m\u00e9canisation : l\u2019IRAD et le CENEEMA s\u2019allient pour une agriculture plus productive"},"content":{"rendered":"\n<p class=\"wp-block-paragraph\"><\/p>\n\n\n\n<p class=\"wp-block-paragraph\"><strong>L\u2019Institut de Recherche Agricole pour le D\u00e9veloppement (IRAD) et le Centre National d\u2019\u00c9tudes et d\u2019Exp\u00e9rimentation du Machinisme Agricole (CENEEMA) ont officialis\u00e9, ce 20 Ao\u00fbt 2026, un partenariat  visant \u00e0 moderniser le secteur agricole camerounais. La c\u00e9r\u00e9monie de signature, qui s\u2019est tenue dans la salle des Actes de la Direction g\u00e9n\u00e9rale de l\u2019IRAD \u00e0 Nkolbisson,  et a \u00e9t\u00e9 pr\u00e9sid\u00e9e par les deux directeurs g\u00e9n\u00e9raux : le Dr No\u00e9 WOIN pour l\u2019IRAD et Mme MEBANDE BATE n\u00e9e EKOTTO MINKOUNA Andr\u00e9e M\u00e9lanie pour le CENEEMA.<\/strong><\/p>\n\n\n\n<p class=\"wp-block-paragraph\"><\/p>\n\n\n\n<p class=\"wp-block-paragraph\">Ce m\u00e9morandum d\u2019entente fixe les bases d\u2019une coop\u00e9ration fructueuse entre les deux institutions, en parfaite ad\u00e9quation avec les objectifs de la Strat\u00e9gie Nationale de D\u00e9veloppement (SND30) et la Vision du Cameroun \u00e0 l\u2019horizon 2035. Il s\u2019articule autour d\u2019un objectif central : am\u00e9liorer les rendements et la production agricoles gr\u00e2ce \u00e0 une synergie entre la recherche agronomique et la m\u00e9canisation.<\/p>\n\n\n\n<p class=\"wp-block-paragraph\">Concr\u00e8tement, l\u2019IRAD mettra \u00e0 profit son expertise en mati\u00e8re de s\u00e9lection vari\u00e9tale, d\u2019itin\u00e9raires techniques et d\u2019innovations agropastorales. Le CENEEMA apportera, quant \u00e0 lui, ses comp\u00e9tences en machinisme agricole, en exp\u00e9rimentation d\u2019\u00e9quipements et en vulgarisation aupr\u00e8s des producteurs. Cette mutualisation des savoir-faire doit permettre de d\u00e9velopper des paquets technologiques adapt\u00e9s aux r\u00e9alit\u00e9s des diff\u00e9rentes zones agro-\u00e9cologiques du pays.<\/p>\n\n\n\n<p class=\"wp-block-paragraph\"><strong>Des projets pilotes en perspective<\/strong><\/p>\n\n\n\n<p class=\"wp-block-paragraph\">Les deux directeurs g\u00e9n\u00e9raux ont annonc\u00e9 le d\u00e9ploiement prochain de projets pilotes dans plusieurs bassins de production. Il s\u2019agira d\u2019y tester des combinaisons associant semences am\u00e9lior\u00e9es, pratiques culturales innovantes et \u00e9quipements m\u00e9canis\u00e9s \u00e0 petite et moyenne \u00e9chelle, en vue d\u2019une \u00e9valuation avant une \u00e9ventuelle g\u00e9n\u00e9ralisation.<\/p>\n\n\n\n<p class=\"wp-block-paragraph\">Pr\u00e9sent \u00e0 la c\u00e9r\u00e9monie, un responsable du minist\u00e8re de l\u2019Agriculture et du D\u00e9veloppement rural (MINADER) a salu\u00e9 cette initiative, soulignant l\u2019urgence de \u00ab passer d\u2019une agriculture de subsistance \u00e0 une agriculture productive et comp\u00e9titive \u00bb, gage de souverainet\u00e9 alimentaire et de r\u00e9duction des importations.<\/p>\n\n\n\n<p class=\"wp-block-paragraph\"><strong>Une alliance porteuse pour l\u2019avenir du secteur<\/strong><\/p>\n\n\n\n<p class=\"wp-block-paragraph\">En scellant cette alliance scientifique et technique, l\u2019IRAD et le CENEEMA r\u00e9pondent \u00e0 un enjeu majeur : acc\u00e9l\u00e9rer la transformation structurelle de l\u2019agriculture camerounaise en y int\u00e9grant l\u2019innovation technologique et la professionnalisation des acteurs. Ce partenariat ouvre la voie \u00e0 une modernisation durable du monde rural, tout en contribuant \u00e0 la cr\u00e9ation d\u2019emplois et \u00e0 l\u2019am\u00e9lioration des conditions de vie des producteurs.<\/p>\n\n\n\n<p class=\"wp-block-paragraph\">Les prochains mois seront d\u00e9cisifs pour la concr\u00e9tisation de cette feuille de route, dont les retomb\u00e9es sont attendues tant sur le plan \u00e9conomique que social.<\/p>\n","protected":false},"excerpt":{"rendered":"<p>L\u2019Institut de Recherche Agricole pour le D\u00e9veloppement (IRAD) et le Centre National d\u2019\u00c9tudes et d\u2019Exp\u00e9rimentation du Machinisme Agricole<\/p>\n","protected":false},"author":2,"featured_media":321,"comment_status":"open","ping_status":"open","sticky":false,"template":"","format":"standard","meta":{"_jetpack_memberships_contains_paid_content":false,"footnotes":"","jetpack_publicize_message":"","jetpack_publicize_feature_enabled":true,"jetpack_social_post_already_shared":true,"jetpack_social_options":{"image_generator_settings":{"template":"highway","default_image_id":0,"font":"","enabled":false},"version":2}},"categories":[1],"tags":[],"class_list":["post-320","post","type-post","status-publish","format-standard","has-post-thumbnail","hentry","category-actu-innovation"],"jetpack_publicize_connections":[],"jetpack_featured_media_url":"https:\/\/mlousnbyskx9.i.optimole.com\/w:auto\/h:auto\/q:mauto\/f:best\/https:\/\/globalfood.cm\/wp-content\/uploads\/2026\/08\/FB_IMG_1787784499252.jpg","jetpack_sharing_enabled":true,"_links":{"self":[{"href":"https:\/\/globalfood.cm\/index.php?rest_route=\/wp\/v2\/posts\/320","targetHints":{"allow":["GET"]}}],"collection":[{"href":"https:\/\/globalfood.cm\/index.php?rest_route=\/wp\/v2\/posts"}],"about":[{"href":"https:\/\/globalfood.cm\/index.php?rest_route=\/wp\/v2\/types\/post"}],"author":[{"embeddable":true,"href":"https:\/\/globalfood.cm\/index.php?rest_route=\/wp\/v2\/users\/2"}],"replies":[{"embeddable":true,"href":"https:\/\/globalfood.cm\/index.php?rest_route=%2Fwp%2Fv2%2Fcomments&post=320"}],"version-history":[{"count":1,"href":"https:\/\/globalfood.cm\/index.php?rest_route=\/wp\/v2\/posts\/320\/revisions"}],"predecessor-version":[{"id":322,"href":"https:\/\/globalfood.cm\/index.php?rest_route=\/wp\/v2\/posts\/320\/revisions\/322"}],"wp:featuredmedia":[{"embeddable":true,"href":"https:\/\/globalfood.cm\/index.php?rest_route=\/wp\/v2\/media\/321"}],"wp:attachment":[{"href":"https:\/\/globalfood.cm\/index.php?rest_route=%2Fwp%2Fv2%2Fmedia&parent=320"}],"wp:term":[{"taxonomy":"category","embeddable":true,"href":"https:\/\/globalfood.cm\/index.php?rest_route=%2Fwp%2Fv2%2Fcategories&post=320"},{"taxonomy":"post_tag","embeddable":true,"href":"https:\/\/globalfood.cm\/index.php?rest_route=%2Fwp%2Fv2%2Ftags&post=320"}],"curies":[{"name":"wp","href":"https:\/\/api.w.org\/{rel}","templated":true}]}}