{"id":323,"date":"2026-08-28T09:47:32","date_gmt":"2026-08-28T09:47:32","guid":{"rendered":"https:\/\/globalfood.cm\/?p=323"},"modified":"2026-08-28T09:47:32","modified_gmt":"2026-08-28T09:47:32","slug":"securite-alimentaire-et-nutritionnelle-un-defi-mondial-qui-mobilise-etats-et-organisations-internationales-2","status":"publish","type":"post","link":"https:\/\/globalfood.cm\/?p=323","title":{"rendered":"S\u00e9curit\u00e9 alimentaire et nutritionnelle : un d\u00e9fi mondial qui mobilise \u00c9tats et organisations internationales"},"content":{"rendered":"<p>La s\u00e9curit\u00e9 alimentaire et nutritionnelle s&rsquo;impose aujourd&rsquo;hui comme l&rsquo;un des d\u00e9fis les plus pressants de notre \u00e9poque. Entre conflits arm\u00e9s, instabilit\u00e9 climatique et r\u00e9ductions des budgets d&rsquo;aide internationale, des millions de personnes \u00e0 travers le monde peinent \u00e0 acc\u00e9der \u00e0 une nourriture suffisante et de qualit\u00e9. Pourtant, face \u00e0 l&rsquo;urgence, des r\u00e9ponses se structurent \u00e0 diff\u00e9rentes \u00e9chelles, du local au global.<\/p>\n<h2>La France renforce son engagement contre la faim dans le monde<\/h2>\n<p>Sur le plan diplomatique, la France a consolid\u00e9 son positionnement en faveur de la lutte contre la faim \u00e0 travers une initiative d\u00e9di\u00e9e port\u00e9e par le minist\u00e8re des Affaires \u00e9trang\u00e8res. Cette d\u00e9marche s&rsquo;inscrit dans une vision globale d&rsquo;un monde plus \u00e9quitable, o\u00f9 l&rsquo;acc\u00e8s \u00e0 l&rsquo;alimentation ne serait plus un privil\u00e8ge mais un droit universel effectif. Paris entend ainsi peser davantage dans les n\u00e9gociations internationales sur les syst\u00e8mes alimentaires, en mobilisant des financements et en promouvant des approches combinant agriculture durable, nutrition et r\u00e9silience des populations vuln\u00e9rables. Cette initiative t\u00e9moigne d&rsquo;une prise de conscience croissante : la s\u00e9curit\u00e9 alimentaire n&rsquo;est pas uniquement une question humanitaire, elle est aussi un levier de stabilit\u00e9 g\u00e9opolitique.<\/p>\n<h2>Gaza et Soudan du Sud : deux crises aux visages distincts<\/h2>\n<p>Sur le terrain, la situation dans certaines r\u00e9gions du monde reste alarmante. \u00c0 Gaza, l&rsquo;UNICEF tire la sonnette d&rsquo;alarme face \u00e0 une crise alimentaire et nutritionnelle qui s&rsquo;enlise. Les enfants sont en premi\u00e8re ligne : malnutrition aigu\u00eb, an\u00e9mie, retards de croissance \u2014 les cons\u00e9quences d&rsquo;un acc\u00e8s dramatiquement insuffisant \u00e0 une alimentation diversifi\u00e9e se font sentir sur la sant\u00e9 des g\u00e9n\u00e9rations \u00e0 venir. Les restrictions de circulation des marchandises et la destruction des infrastructures aggravent chaque semaine un peu plus la capacit\u00e9 des populations \u00e0 subvenir \u00e0 leurs besoins essentiels.<\/p>\n<p>Au Soudan du Sud, c&rsquo;est une autre menace qui se profile : selon les Nations Unies, les r\u00e9fugi\u00e9s pr\u00e9sents sur le territoire pourraient se retrouver priv\u00e9s d&rsquo;aide alimentaire d\u00e8s l&rsquo;automne prochain, faute de financements suffisants. Une perspective catastrophique dans un pays d\u00e9j\u00e0 fragilis\u00e9 par des d\u00e9cennies de conflits et de d\u00e9placements massifs de populations. Ce risque de rupture d&rsquo;approvisionnement illustre la d\u00e9pendance structurelle de nombreuses r\u00e9gions vis-\u00e0-vis de l&rsquo;aide internationale, et la vuln\u00e9rabilit\u00e9 de cette aide face aux al\u00e9as budg\u00e9taires des pays donateurs.<\/p>\n<h2>Le Br\u00e9sil, mod\u00e8le d&rsquo;une approche par la solidarit\u00e9 et l&rsquo;\u00e9ducation<\/h2>\n<p>\u00c0 rebours des logiques purement assistancielles, le Br\u00e9sil propose une vision alternative et inspirante de la transformation des syst\u00e8mes alimentaires. En misant sur la solidarit\u00e9 communautaire et l&rsquo;\u00e9ducation alimentaire, plusieurs initiatives br\u00e9siliennes parviennent \u00e0 renforcer durablement l&rsquo;autonomie des populations face \u00e0 l&rsquo;ins\u00e9curit\u00e9 nutritionnelle. Cette approche, qui associe acteurs associatifs, pouvoirs publics locaux et citoyens, d\u00e9montre que la r\u00e9ponse \u00e0 la faim ne se limite pas \u00e0 distribuer des denr\u00e9es : elle passe aussi par la transmission de savoirs, le renforcement des circuits courts et la valorisation des cultures alimentaires locales. Un mod\u00e8le qui suscite un int\u00e9r\u00eat croissant dans les forums internationaux sur l&rsquo;alimentation.<\/p>\n<h2>La responsabilit\u00e9 des \u00c9tats face au droit \u00e0 l&rsquo;alimentation<\/h2>\n<p>Au-del\u00e0 des actions de terrain, la question de la responsabilit\u00e9 juridique des \u00c9tats dans la garantie du droit \u00e0 l&rsquo;alimentation fait l&rsquo;objet d&rsquo;une attention acad\u00e9mique et institutionnelle renouvel\u00e9e. Des travaux r\u00e9cents publi\u00e9s par Cambridge University Press interrogent les m\u00e9canismes permettant d&rsquo;engager la responsabilit\u00e9 des gouvernements lorsque ce droit fondamental n&rsquo;est pas respect\u00e9. Cette perspective juridique est essentielle : elle offre aux populations les plus vuln\u00e9rables des leviers pour exiger des comptes et oblige les \u00c9tats \u00e0 int\u00e9grer la s\u00e9curit\u00e9 alimentaire dans leurs politiques publiques de mani\u00e8re contraignante plut\u00f4t que simplement d\u00e9clarative.<\/p>\n<h2>Vers une approche syst\u00e9mique et coh\u00e9rente<\/h2>\n<p>Ce tour d&rsquo;horizon r\u00e9v\u00e8le une r\u00e9alit\u00e9 complexe : si les d\u00e9fis sont immenses et les crises multiples, les solutions existent et se diversifient. Elles mobilisent des acteurs vari\u00e9s \u2014 diplomates, humanitaires, \u00e9ducateurs, juristes, communaut\u00e9s locales \u2014 et s&rsquo;appuient sur des logiques compl\u00e9mentaires :<\/p>\n<ul>\n<li>Le financement international et la coop\u00e9ration entre \u00c9tats pour r\u00e9pondre aux urgences alimentaires.<\/li>\n<li>La transformation durable des syst\u00e8mes alimentaires pour r\u00e9duire les vuln\u00e9rabilit\u00e9s structurelles.<\/li>\n<li>L&rsquo;\u00e9ducation nutritionnelle et la valorisation des savoirs locaux pour renforcer l&rsquo;autonomie des communaut\u00e9s.<\/li>\n<li>Le renforcement du cadre juridique pour que le droit \u00e0 l&rsquo;alimentation devienne une r\u00e9alit\u00e9 opposable et non un simple principe.<\/li>\n<\/ul>\n<p>La s\u00e9curit\u00e9 alimentaire et nutritionnelle ne se r\u00e9soudra pas par une seule approche. C&rsquo;est pr\u00e9cis\u00e9ment dans cette pluralit\u00e9 d&rsquo;engagements, coordonn\u00e9s et coh\u00e9rents, que r\u00e9side la cl\u00e9 d&rsquo;un progr\u00e8s durable pour toutes les populations, o\u00f9 qu&rsquo;elles se trouvent dans le monde.<\/p>\n","protected":false},"excerpt":{"rendered":"<p>Face \u00e0 des crises alimentaires persistantes sur plusieurs continents, gouvernements, institutions internationales et soci\u00e9t\u00e9 civile intensifient leurs efforts pour garantir le droit fondamental \u00e0 une alimentation suffisante et nutritive. Tour d&rsquo;horizon des enjeux et des initiatives en cours.<\/p>\n","protected":false},"author":0,"featured_media":324,"comment_status":"open","ping_status":"open","sticky":false,"template":"","format":"standard","meta":{"_jetpack_memberships_contains_paid_content":false,"footnotes":"","jetpack_publicize_message":"","jetpack_publicize_feature_enabled":true,"jetpack_social_post_already_shared":true,"jetpack_social_options":{"image_generator_settings":{"template":"highway","default_image_id":0,"font":"","enabled":false},"version":2}},"categories":[1],"tags":[],"class_list":["post-323","post","type-post","status-publish","format-standard","has-post-thumbnail","hentry","category-actu-innovation"],"jetpack_publicize_connections":[],"jetpack_featured_media_url":"https:\/\/mlousnbyskx9.i.optimole.com\/w:auto\/h:auto\/q:mauto\/f:best\/https:\/\/globalfood.cm\/wp-content\/uploads\/2026\/08\/acp-a-wide-aerial-view-of-diverse-agricultur-1787910456.jpg","jetpack_sharing_enabled":true,"_links":{"self":[{"href":"https:\/\/globalfood.cm\/index.php?rest_route=\/wp\/v2\/posts\/323","targetHints":{"allow":["GET"]}}],"collection":[{"href":"https:\/\/globalfood.cm\/index.php?rest_route=\/wp\/v2\/posts"}],"about":[{"href":"https:\/\/globalfood.cm\/index.php?rest_route=\/wp\/v2\/types\/post"}],"replies":[{"embeddable":true,"href":"https:\/\/globalfood.cm\/index.php?rest_route=%2Fwp%2Fv2%2Fcomments&post=323"}],"version-history":[{"count":0,"href":"https:\/\/globalfood.cm\/index.php?rest_route=\/wp\/v2\/posts\/323\/revisions"}],"wp:featuredmedia":[{"embeddable":true,"href":"https:\/\/globalfood.cm\/index.php?rest_route=\/wp\/v2\/media\/324"}],"wp:attachment":[{"href":"https:\/\/globalfood.cm\/index.php?rest_route=%2Fwp%2Fv2%2Fmedia&parent=323"}],"wp:term":[{"taxonomy":"category","embeddable":true,"href":"https:\/\/globalfood.cm\/index.php?rest_route=%2Fwp%2Fv2%2Fcategories&post=323"},{"taxonomy":"post_tag","embeddable":true,"href":"https:\/\/globalfood.cm\/index.php?rest_route=%2Fwp%2Fv2%2Ftags&post=323"}],"curies":[{"name":"wp","href":"https:\/\/api.w.org\/{rel}","templated":true}]}}