{"id":325,"date":"2026-08-28T21:47:34","date_gmt":"2026-08-28T21:47:34","guid":{"rendered":"https:\/\/globalfood.cm\/?p=325"},"modified":"2026-08-28T21:47:34","modified_gmt":"2026-08-28T21:47:34","slug":"securite-alimentaire-mondiale-les-combats-doxfam-pour-un-droit-a-lalimentation-durable","status":"publish","type":"post","link":"https:\/\/globalfood.cm\/?p=325","title":{"rendered":"S\u00e9curit\u00e9 alimentaire mondiale : les combats d&rsquo;Oxfam pour un droit \u00e0 l&rsquo;alimentation durable"},"content":{"rendered":"<p>La faim dans le monde ne rel\u00e8ve pas de la fatalit\u00e9. C&rsquo;est l&rsquo;un des messages centraux que porte Oxfam France depuis des ann\u00e9es, en documentant avec pr\u00e9cision les causes structurelles de l&rsquo;ins\u00e9curit\u00e9 alimentaire et en proposant des pistes concr\u00e8tes pour y rem\u00e9dier. \u00c0 l&rsquo;heure o\u00f9 les crises climatiques, \u00e9conomiques et g\u00e9opolitiques se superposent, la question de l&rsquo;acc\u00e8s \u00e0 une nourriture suffisante et de qualit\u00e9 devient plus urgente que jamais.<\/p>\n<h2>Un tableau mondial alarmant<\/h2>\n<p>En 2023, plusieurs centaines de millions de personnes souffrent encore de sous-alimentation chronique, un chiffre qui stagne voire progresse malgr\u00e9 les engagements internationaux pris autour de l&rsquo;Objectif de D\u00e9veloppement Durable n\u00b02, dit \u00ab Faim Z\u00e9ro \u00bb. Oxfam identifie des causes multiples et imbriqu\u00e9es \u00e0 cette situation : des syst\u00e8mes agricoles fragilis\u00e9s, des in\u00e9galit\u00e9s \u00e9conomiques criantes, des conflits arm\u00e9s qui d\u00e9vastent les capacit\u00e9s productives locales, et un changement climatique qui menace directement les r\u00e9coltes dans les r\u00e9gions les plus vuln\u00e9rables du globe. La s\u00e9curit\u00e9 alimentaire n&rsquo;est pas qu&rsquo;une question de production agricole \u2014 elle est profond\u00e9ment li\u00e9e aux rapports de pouvoir, \u00e0 l&rsquo;acc\u00e8s \u00e0 la terre, \u00e0 l&rsquo;eau et aux march\u00e9s.<\/p>\n<h2>L&rsquo;agro\u00e9cologie, une r\u00e9ponse \u00e0 la hauteur des enjeux<\/h2>\n<p>Parmi les solutions mises en avant par l&rsquo;ONG, l&rsquo;agro\u00e9cologie occupe une place centrale. Cette approche, qui conjugue savoirs traditionnels et innovations agronomiques, vise \u00e0 produire de la nourriture en pr\u00e9servant les \u00e9quilibres naturels plut\u00f4t qu&rsquo;en les \u00e9puisant. Contrairement \u00e0 l&rsquo;agriculture industrielle intensive, elle favorise la biodiversit\u00e9, limite le recours aux intrants chimiques et renforce la r\u00e9silience des exploitations face aux al\u00e9as climatiques.<\/p>\n<p>Oxfam insiste sur le fait que l&rsquo;agro\u00e9cologie n&rsquo;est pas une solution marginale r\u00e9serv\u00e9e \u00e0 quelques paysans militants : elle repr\u00e9sente un mod\u00e8le capable de nourrir des populations enti\u00e8res tout en r\u00e9g\u00e9n\u00e9rant les sols et en r\u00e9duisant les \u00e9missions de gaz \u00e0 effet de serre. Des exp\u00e9riences r\u00e9ussies sur plusieurs continents montrent qu&rsquo;avec un soutien politique et financier appropri\u00e9, cette transition est non seulement possible, mais souhaitable \u00e0 grande \u00e9chelle.<\/p>\n<h2>Le r\u00f4le d\u00e9terminant des femmes dans la lutte contre la faim<\/h2>\n<p>Un angle trop souvent n\u00e9glig\u00e9 dans le d\u00e9bat public est celui du genre. Pourtant, les femmes repr\u00e9sentent une part majeure de la main-d&rsquo;\u0153uvre agricole mondiale, notamment dans les pays du Sud. Elles sont aussi les premi\u00e8res \u00e0 p\u00e2tir de l&rsquo;ins\u00e9curit\u00e9 alimentaire, tout en \u00e9tant en premi\u00e8re ligne pour y faire face au quotidien au sein de leurs familles et communaut\u00e9s.<\/p>\n<p>Le changement climatique aggrave encore ces in\u00e9galit\u00e9s : s\u00e9cheresses prolong\u00e9es, inondations r\u00e9p\u00e9t\u00e9es, d\u00e9gradation des terres \u2014 autant de ph\u00e9nom\u00e8nes qui alourdissent la charge de travail des femmes rurales sans que celles-ci b\u00e9n\u00e9ficient des ressources ni de la reconnaissance n\u00e9cessaires. Oxfam plaide pour que les politiques agricoles int\u00e8grent syst\u00e9matiquement une dimension de genre, en garantissant aux femmes l&rsquo;acc\u00e8s \u00e0 la propri\u00e9t\u00e9 fonci\u00e8re, au cr\u00e9dit agricole et aux instances de d\u00e9cision.<\/p>\n<h2>Manger durable : un geste individuel, un enjeu collectif<\/h2>\n<p>La s\u00e9curit\u00e9 alimentaire se joue aussi dans nos assiettes. Oxfam invite chacun \u00e0 reconsid\u00e9rer ses habitudes de consommation en adoptant une alimentation plus durable : r\u00e9duction de la viande, choix de produits locaux et de saison, lutte contre le gaspillage alimentaire. Ces comportements individuels, s&rsquo;ils restent insuffisants sans transformations syst\u00e9miques, participent n\u00e9anmoins \u00e0 r\u00e9duire la pression exerc\u00e9e sur les ressources naturelles et \u00e0 modifier progressivement les dynamiques de march\u00e9.<\/p>\n<ul>\n<li>Privil\u00e9gier les circuits courts et les produits issus de l&rsquo;agriculture biologique ou agro\u00e9cologique<\/li>\n<li>R\u00e9duire sa consommation de prot\u00e9ines animales, grande consommatrice de terres et d&rsquo;eau<\/li>\n<li>\u00c9viter le gaspillage en planifiant ses achats et en valorisant les restes alimentaires<\/li>\n<li>Soutenir les initiatives citoyennes et les associations engag\u00e9es pour la souverainet\u00e9 alimentaire<\/li>\n<\/ul>\n<h2>Agrocarburants : quand l&rsquo;\u00e9nergie d\u00e9vore la nourriture<\/h2>\n<p>Oxfam tire \u00e9galement la sonnette d&rsquo;alarme sur un paradoxe inqui\u00e9tant : le d\u00e9veloppement des agrocarburants, pr\u00e9sent\u00e9s comme une alternative verte aux \u00e9nergies fossiles, se fait souvent au d\u00e9triment des terres agricoles destin\u00e9es \u00e0 l&rsquo;alimentation humaine. En d\u00e9tournant des surfaces cultivables vers la production d&rsquo;\u00e9thanol ou de biodiesel, cette politique contribue \u00e0 rench\u00e9rir le co\u00fbt des denr\u00e9es alimentaires et \u00e0 aggraver la comp\u00e9tition pour l&rsquo;acc\u00e8s \u00e0 la terre, notamment dans les pays du Sud. Un choix que l&rsquo;ONG qualifie sans d\u00e9tour de catastrophique pour les populations les plus pauvres.<\/p>\n<h2>Agir ensemble pour un syst\u00e8me alimentaire juste<\/h2>\n<p>La s\u00e9curit\u00e9 alimentaire mondiale exige une r\u00e9ponse globale, coh\u00e9rente et inclusive. Elle passe par des politiques agricoles r\u00e9orient\u00e9es vers l&rsquo;int\u00e9r\u00eat commun, un encadrement strict des march\u00e9s financiers sp\u00e9culatifs sur les mati\u00e8res premi\u00e8res, et une coop\u00e9ration internationale renforc\u00e9e. Oxfam rappelle que les ressources n\u00e9cessaires pour \u00e9liminer la faim existent \u2014 ce qui manque, c&rsquo;est la volont\u00e9 politique de les mobiliser \u00e9quitablement. Un combat qui nous concerne toutes et tous.<\/p>\n","protected":false},"excerpt":{"rendered":"<p>Face \u00e0 une faim persistante qui touche des centaines de millions de personnes dans le monde, Oxfam France multiplie les analyses et les plaidoyers pour transformer en profondeur nos syst\u00e8mes alimentaires. Entre agro\u00e9cologie, r\u00f4le des femmes et d\u00e9rives des agrocarburants, voici les grands axes d&rsquo;un combat urgent.<\/p>\n","protected":false},"author":0,"featured_media":326,"comment_status":"open","ping_status":"open","sticky":false,"template":"","format":"standard","meta":{"_jetpack_memberships_contains_paid_content":false,"footnotes":"","jetpack_publicize_message":"","jetpack_publicize_feature_enabled":true,"jetpack_social_post_already_shared":true,"jetpack_social_options":{"image_generator_settings":{"template":"highway","default_image_id":0,"font":"","enabled":false},"version":2}},"categories":[1],"tags":[],"class_list":["post-325","post","type-post","status-publish","format-standard","has-post-thumbnail","hentry","category-actu-innovation"],"jetpack_publicize_connections":[],"jetpack_featured_media_url":"https:\/\/mlousnbyskx9.i.optimole.com\/w:auto\/h:auto\/q:mauto\/f:best\/https:\/\/globalfood.cm\/wp-content\/uploads\/2026\/08\/acp-a-wide-aerial-view-of-diverse-agricultur-1787953658.jpg","jetpack_sharing_enabled":true,"_links":{"self":[{"href":"https:\/\/globalfood.cm\/index.php?rest_route=\/wp\/v2\/posts\/325","targetHints":{"allow":["GET"]}}],"collection":[{"href":"https:\/\/globalfood.cm\/index.php?rest_route=\/wp\/v2\/posts"}],"about":[{"href":"https:\/\/globalfood.cm\/index.php?rest_route=\/wp\/v2\/types\/post"}],"replies":[{"embeddable":true,"href":"https:\/\/globalfood.cm\/index.php?rest_route=%2Fwp%2Fv2%2Fcomments&post=325"}],"version-history":[{"count":0,"href":"https:\/\/globalfood.cm\/index.php?rest_route=\/wp\/v2\/posts\/325\/revisions"}],"wp:featuredmedia":[{"embeddable":true,"href":"https:\/\/globalfood.cm\/index.php?rest_route=\/wp\/v2\/media\/326"}],"wp:attachment":[{"href":"https:\/\/globalfood.cm\/index.php?rest_route=%2Fwp%2Fv2%2Fmedia&parent=325"}],"wp:term":[{"taxonomy":"category","embeddable":true,"href":"https:\/\/globalfood.cm\/index.php?rest_route=%2Fwp%2Fv2%2Fcategories&post=325"},{"taxonomy":"post_tag","embeddable":true,"href":"https:\/\/globalfood.cm\/index.php?rest_route=%2Fwp%2Fv2%2Ftags&post=325"}],"curies":[{"name":"wp","href":"https:\/\/api.w.org\/{rel}","templated":true}]}}